{"id":91926,"date":"2021-05-03T18:53:42","date_gmt":"2021-05-03T21:53:42","guid":{"rendered":"https:\/\/eldiariodesanpedro.com.ar\/sitio\/?p=91926"},"modified":"2021-05-03T18:53:49","modified_gmt":"2021-05-03T21:53:49","slug":"los-bomberos-voluntarios-de-todo-el-pais-en-estado-de-alerta-y-movilizacion-por-falta-de-vacunas-para-ellos","status":"publish","type":"post","link":"https:\/\/eldiariodesanpedro.com.ar\/sitio\/los-bomberos-voluntarios-de-todo-el-pais-en-estado-de-alerta-y-movilizacion-por-falta-de-vacunas-para-ellos\/","title":{"rendered":"Los bomberos voluntarios de todo el pa\u00eds en estado de alerta y movilizaci\u00f3n por falta de vacunas para ellos"},"content":{"rendered":"<!-- VideographyWP Plugin Message: Automatic video embedding prevented by plugin options. -->\n\n<p>El Sistema Nacional de Bomberos Voluntarios de la Rep\u00fablica Argentina se declara en estado de Alerta y Movilizaci\u00f3n ante la falta de vacunas contra el COVID-19 para los m\u00e1s 43 mil integrantes de Cuerpos Activos y Consejos Directivos de las Asociaciones de Bomberos Voluntarios de todo el pa\u00eds.<\/p>\n\n\n\n<p>Desde el inicio de la pandemia se han contagiado 1.177 bomberos voluntarios de los cuales 864 se han recuperado, 476 permanecen aislados, 10 han muerto y 15 cuarteles se encuentran en cuarentena.<\/p>\n\n\n\n<p>Si bien en varias jurisdicciones los gobiernos municipales y provinciales han accedido a vacunar a bomberas y bomberos, no es la norma en la gran mayor\u00eda de las provincias. El porcentaje de integrantes de Asociaciones de Bomberos Voluntarios vacunados es baj\u00edsimo y la preocupaci\u00f3n crece ante esta segunda ola, en la cual el aumento de casos es notable y expone con mayor peligro de contagio a nuestros hombres y mujeres.<\/p>\n\n\n\n<p>La labor de los Cuerpos de Bomberos Voluntarios est\u00e1 considerada dentro de los par\u00e1metros que le asignan la categor\u00eda de trabajadores esenciales en todo el pa\u00eds, pero no ocurre lo mismo en la incorporaci\u00f3n a los listados de prioridad para la vacunaci\u00f3n.<\/p>\n\n\n\n<p>Desde el a\u00f1o pasado el Consejo de Federaciones de Bomberos Voluntarios de la Rep\u00fablica Argentina y las 26 Federaciones Provinciales que lo integran vienen realizando pedidos y reclamos a las autoridades de los Ministerios de Salud Nacional y Provinciales, sin embargo, a la fecha, a\u00fan no se ha tenido respuesta a la necesidad de definir e implementar un plan de vacunaci\u00f3n para bomberos voluntarios.<\/p>\n\n\n\n<p>El trabajo voluntario y profesional que realizan los bomberos y bomberas no puede ser desarrollado por ninguna otra persona, es una tarea espec\u00edfica que requiere de a\u00f1os de capacitaci\u00f3n y entrenamiento.<\/p>\n\n\n\n<p>Es por ello que, ante cualquier hecho que involucre la necesidad de aislamiento de estos hombres y mujeres por contagio o por contacto estrecho con un contagiado, se ve seriamente comprometida y en peligro la continuidad del servicio de respuesta a emergencias que brindan en el 80% del territorio nacional y para m\u00e1s de 44 millones de argentinos.<\/p>\n\n\n\n<p>La necesidad de acceder de manera r\u00e1pida e inmediata a la vacunaci\u00f3n es urgente, las bomberas y bomberos voluntarios de la Argentina no pueden esperar m\u00e1s porque la emergencia no espera ni descansa. Si nuestros hombres y mujeres se contagian nadie m\u00e1s estar\u00e1 en condiciones de brindar el servicio de seguridad siniestral en la Argentina, una funci\u00f3n delegada por el Estado Nacional hace m\u00e1s de 137 a\u00f1os a nuestro movimiento.<\/p>\n\n\n\n<p>Ante esta situaci\u00f3n, el Consejo de Federaciones de Bomberos Voluntarios de la Rep\u00fablica Argentina declara en estado de Alerta y Movilizaci\u00f3n al Sistema Nacional de Bomberos Voluntarios y convoca a reuni\u00f3n de Honorable Comisi\u00f3n Directiva para este mi\u00e9rcoles 05 de mayo, para definir las medidas de acci\u00f3n concretas que le den visibilidad al reclamo en todo el pa\u00eds y lograr que las autoridades nacionales resuelvan de manera inmediata esta situaci\u00f3n.<\/p>\n","protected":false},"excerpt":{"rendered":"<p>El Sistema Nacional de Bomberos Voluntarios de la Rep\u00fablica Argentina se declara en estado de Alerta y Movilizaci\u00f3n ante la falta de vacunas contra el COVID-19 para los m\u00e1s 43 mil integrantes de Cuerpos Activos y Consejos Directivos de las Asociaciones de Bomberos Voluntarios de todo el pa\u00eds. Desde el inicio de la pandemia se [&hellip;]<\/p>\n","protected":false},"author":4,"featured_media":80138,"comment_status":"open","ping_status":"closed","sticky":false,"template":"","format":"standard","meta":{"om_disable_all_campaigns":false,"_jetpack_memberships_contains_paid_content":false,"footnotes":""},"categories":[621],"tags":[],"class_list":["post-91926","post","type-post","status-publish","format-standard","has-post-thumbnail","hentry","category-regionales"],"aioseo_notices":[],"gutentor_comment":0,"jetpack_featured_media_url":"https:\/\/eldiariodesanpedro.com.ar\/sitio\/wp-content\/uploads\/2020\/08\/DSC_0037-scaled-e1598567802185.jpg","jetpack_shortlink":"https:\/\/wp.me\/p6RhLt-nUG","jetpack_sharing_enabled":true,"_links":{"self":[{"href":"https:\/\/eldiariodesanpedro.com.ar\/sitio\/wp-json\/wp\/v2\/posts\/91926","targetHints":{"allow":["GET"]}}],"collection":[{"href":"https:\/\/eldiariodesanpedro.com.ar\/sitio\/wp-json\/wp\/v2\/posts"}],"about":[{"href":"https:\/\/eldiariodesanpedro.com.ar\/sitio\/wp-json\/wp\/v2\/types\/post"}],"author":[{"embeddable":true,"href":"https:\/\/eldiariodesanpedro.com.ar\/sitio\/wp-json\/wp\/v2\/users\/4"}],"replies":[{"embeddable":true,"href":"https:\/\/eldiariodesanpedro.com.ar\/sitio\/wp-json\/wp\/v2\/comments?post=91926"}],"version-history":[{"count":1,"href":"https:\/\/eldiariodesanpedro.com.ar\/sitio\/wp-json\/wp\/v2\/posts\/91926\/revisions"}],"predecessor-version":[{"id":91927,"href":"https:\/\/eldiariodesanpedro.com.ar\/sitio\/wp-json\/wp\/v2\/posts\/91926\/revisions\/91927"}],"wp:featuredmedia":[{"embeddable":true,"href":"https:\/\/eldiariodesanpedro.com.ar\/sitio\/wp-json\/wp\/v2\/media\/80138"}],"wp:attachment":[{"href":"https:\/\/eldiariodesanpedro.com.ar\/sitio\/wp-json\/wp\/v2\/media?parent=91926"}],"wp:term":[{"taxonomy":"category","embeddable":true,"href":"https:\/\/eldiariodesanpedro.com.ar\/sitio\/wp-json\/wp\/v2\/categories?post=91926"},{"taxonomy":"post_tag","embeddable":true,"href":"https:\/\/eldiariodesanpedro.com.ar\/sitio\/wp-json\/wp\/v2\/tags?post=91926"}],"curies":[{"name":"wp","href":"https:\/\/api.w.org\/{rel}","templated":true}]}}