{"id":91914,"date":"2021-05-03T17:27:45","date_gmt":"2021-05-03T20:27:45","guid":{"rendered":"https:\/\/eldiariodesanpedro.com.ar\/sitio\/?p=91914"},"modified":"2021-05-03T17:27:54","modified_gmt":"2021-05-03T20:27:54","slug":"hospital-pyme-nuevo-encuentro-con-comerciantes","status":"publish","type":"post","link":"https:\/\/eldiariodesanpedro.com.ar\/sitio\/hospital-pyme-nuevo-encuentro-con-comerciantes\/","title":{"rendered":"Hospital Pyme: Nuevo encuentro con comerciantes"},"content":{"rendered":"<!-- VideographyWP Plugin Message: Automatic video embedding prevented by plugin options. -->\n\n<p>La semana pasada se concret\u00f3 una nueva reuni\u00f3n con asociados a la entidad, en el marco de la iniciativa Hospital Pyme.&nbsp;&nbsp;En esta oportunidad estuvieron presentes comerciantes de diferentes rubros, almac\u00e9n, tiendas y&nbsp;mini&nbsp;mercado, en algunos casos con m\u00e1s de 40 a\u00f1os de trayectoria.<\/p>\n\n\n\n<p>&nbsp;Nuevamente la problem\u00e1tica m\u00e1s recurrente planteada es el mercado informal, la falta de control en materia habilitaciones y bromatolog\u00eda y la dificultad que tienen para mantener sus comercios en regla con todos los costos fijos que ello implica.&nbsp;<br><br>Sumado a la baja en las ventas, la inflaci\u00f3n y el contexto de pandemia que se vive, se les hace muy dif\u00edcil sobrellevar la situaci\u00f3n.&nbsp;Cheyllada remarc\u00f3 que el CCIT es una \u201cinstituci\u00f3n de puertas abiertas\u201d para escuchar la problem\u00e1tica de todos los sectores y gestionar ante los organismos que corresponda todo tipo de reclamos y\/o sugerencias que puedan colaborar a mejorar esta coyuntura cr\u00edtica.<\/p>\n\n\n\n<p>Adem\u00e1s, dijo que uno de los objetivos del Hospital Pyme es realizar un diagn\u00f3stico y en funci\u00f3n del mismo desarrollar planes de acci\u00f3n en conjunto y ver de qu\u00e9 manera, por ejemplo, ingresar al sistema el comercio y los micro emprendimientos dom\u00e9sticos informales.&nbsp;&nbsp;La intenci\u00f3n es contribuir con herramientas propias o a trav\u00e9s de todas las instituciones provinciales y nacionales, federaciones, asociaciones de las cuales el CCIT forma parte en virtud de compartir iniciativas.&nbsp;<\/p>\n\n\n\n<p>\u201cNo se trata de juntarnos para plantear problemas, sino realizar acciones concretas a trav\u00e9s del diagn\u00f3stico y posibles soluciones\u201d.&nbsp;&nbsp;El HOSPITAL PYME es un espacio abierto para que los comercios e industrias puedan canalizar sus dificultades y realizar acciones de prevenci\u00f3n e intervenci\u00f3n en caso de ser necesario.&nbsp;<br><br>S<strong>e invita a&nbsp; los socios que deseen acercarse a estas reuniones semanales a que se comuniquen para coordinar un encuentro, respetando los protocolos vigentes. Para hacerlo deben contactarse al whatsapp al 3329 599 000 o acercarse a Mitre 650.<\/strong><\/p>\n","protected":false},"excerpt":{"rendered":"<p>La semana pasada se concret\u00f3 una nueva reuni\u00f3n con asociados a la entidad, en el marco de la iniciativa Hospital Pyme.&nbsp;&nbsp;En esta oportunidad estuvieron presentes comerciantes de diferentes rubros, almac\u00e9n, tiendas y&nbsp;mini&nbsp;mercado, en algunos casos con m\u00e1s de 40 a\u00f1os de trayectoria. &nbsp;Nuevamente la problem\u00e1tica m\u00e1s recurrente planteada es el mercado informal, la falta de [&hellip;]<\/p>\n","protected":false},"author":4,"featured_media":91916,"comment_status":"open","ping_status":"closed","sticky":false,"template":"","format":"standard","meta":{"om_disable_all_campaigns":false,"_jetpack_memberships_contains_paid_content":false,"footnotes":""},"categories":[101,2],"tags":[],"class_list":["post-91914","post","type-post","status-publish","format-standard","has-post-thumbnail","hentry","category-interes-general-locales","category-locales"],"aioseo_notices":[],"gutentor_comment":0,"jetpack_featured_media_url":"https:\/\/eldiariodesanpedro.com.ar\/sitio\/wp-content\/uploads\/2021\/05\/22.jpg","jetpack_shortlink":"https:\/\/wp.me\/p6RhLt-nUu","jetpack_sharing_enabled":true,"_links":{"self":[{"href":"https:\/\/eldiariodesanpedro.com.ar\/sitio\/wp-json\/wp\/v2\/posts\/91914","targetHints":{"allow":["GET"]}}],"collection":[{"href":"https:\/\/eldiariodesanpedro.com.ar\/sitio\/wp-json\/wp\/v2\/posts"}],"about":[{"href":"https:\/\/eldiariodesanpedro.com.ar\/sitio\/wp-json\/wp\/v2\/types\/post"}],"author":[{"embeddable":true,"href":"https:\/\/eldiariodesanpedro.com.ar\/sitio\/wp-json\/wp\/v2\/users\/4"}],"replies":[{"embeddable":true,"href":"https:\/\/eldiariodesanpedro.com.ar\/sitio\/wp-json\/wp\/v2\/comments?post=91914"}],"version-history":[{"count":1,"href":"https:\/\/eldiariodesanpedro.com.ar\/sitio\/wp-json\/wp\/v2\/posts\/91914\/revisions"}],"predecessor-version":[{"id":91917,"href":"https:\/\/eldiariodesanpedro.com.ar\/sitio\/wp-json\/wp\/v2\/posts\/91914\/revisions\/91917"}],"wp:featuredmedia":[{"embeddable":true,"href":"https:\/\/eldiariodesanpedro.com.ar\/sitio\/wp-json\/wp\/v2\/media\/91916"}],"wp:attachment":[{"href":"https:\/\/eldiariodesanpedro.com.ar\/sitio\/wp-json\/wp\/v2\/media?parent=91914"}],"wp:term":[{"taxonomy":"category","embeddable":true,"href":"https:\/\/eldiariodesanpedro.com.ar\/sitio\/wp-json\/wp\/v2\/categories?post=91914"},{"taxonomy":"post_tag","embeddable":true,"href":"https:\/\/eldiariodesanpedro.com.ar\/sitio\/wp-json\/wp\/v2\/tags?post=91914"}],"curies":[{"name":"wp","href":"https:\/\/api.w.org\/{rel}","templated":true}]}}