{"id":91904,"date":"2021-05-03T12:35:16","date_gmt":"2021-05-03T15:35:16","guid":{"rendered":"https:\/\/eldiariodesanpedro.com.ar\/sitio\/?p=91904"},"modified":"2021-05-03T12:35:19","modified_gmt":"2021-05-03T15:35:19","slug":"se-oficializaron-las-restricciones-en-san-pedro-los-gimnasios-y-deportes-no-se-cerraran","status":"publish","type":"post","link":"https:\/\/eldiariodesanpedro.com.ar\/sitio\/se-oficializaron-las-restricciones-en-san-pedro-los-gimnasios-y-deportes-no-se-cerraran\/","title":{"rendered":"Se oficializaron las restricciones en San Pedro: Los gimnasios y deportes no se cerraran"},"content":{"rendered":"<!-- VideographyWP Plugin Message: Automatic video embedding prevented by plugin options. -->\n\n<p>La municipalidad emiti\u00f3 el comunicado oficializando las nuevas medidas restrictivas y la parte deportiva no tendr\u00e1 restricciones por lo que podr\u00e1n seguir trabajando como hasta ahora respetando los protocolos y el aforo en gimnasio, deportes en lugares cerrados y natatorios como estaban hasta hoy.<\/p>\n\n\n\n<p>A partir de la comunicaci\u00f3n recibida desde el Gobierno de la Provincia de Buenos Aires con la publicaci\u00f3n de la nueva Resoluci\u00f3n N\u00b01555, se informa que rigen las restricciones incorporadas a la Fase 3, en la que permanece el Partido de San Pedro.<\/p>\n\n\n\n<p>Detalles:<\/p>\n\n\n\n<ul class=\"wp-block-list\"><li>Los templos religiosos pueden seguir abiertos para el ingreso individual, pero las celebraciones se pueden realizar con un m\u00e1ximo de 10 personas, s\u00f3lo al aire libre.<\/li><li>Los locales gastron\u00f3micos contin\u00faan con un aforo m\u00e1ximo permitido del 30% y horario de cierre 23hs.<\/li><li>Los eventos sociales pueden desarrollarse al aire libre con un m\u00e1ximo de 10 personas.<\/li><li>Los jardines maternales, y las clases y actividades educativas no escolares, contin\u00faan su desarrollo sin cambios.<\/li><li>Las actividades y reuniones sociales en domicilios particulares no est\u00e1n permitidas, salvo para la asistencia de personas que requieren cuidados especiales.<\/li><li>Contin\u00faa prohibida la circulaci\u00f3n entre las 0hs y las 6hs de cada d\u00eda, salvo trabajadores esenciales.<\/li><\/ul>\n\n\n\n<p>El detalle con la descripci\u00f3n de lo habilitado y restringido en cada fase podr\u00e1n encontrarlo en el adjunto que acompa\u00f1a a esta comunicaci\u00f3n.<\/p>\n\n\n\n<p>M\u00e1s all\u00e1 de lo descripto, es importante que reforcemos personalmente, en nuestras familias y amigos, el cumplimiento de todas las medidas, especialmente el uso del barbijo y el respeto de la distancia de m\u00e1s de dos metros.<\/p>\n","protected":false},"excerpt":{"rendered":"<p>La municipalidad emiti\u00f3 el comunicado oficializando las nuevas medidas restrictivas y la parte deportiva no tendr\u00e1 restricciones por lo que podr\u00e1n seguir trabajando como hasta ahora respetando los protocolos y el aforo en gimnasio, deportes en lugares cerrados y natatorios como estaban hasta hoy. A partir de la comunicaci\u00f3n recibida desde el Gobierno de la [&hellip;]<\/p>\n","protected":false},"author":4,"featured_media":91905,"comment_status":"open","ping_status":"closed","sticky":false,"template":"","format":"standard","meta":{"om_disable_all_campaigns":false,"_jetpack_memberships_contains_paid_content":false,"footnotes":""},"categories":[50,101,2],"tags":[],"class_list":["post-91904","post","type-post","status-publish","format-standard","has-post-thumbnail","hentry","category-destacadas","category-interes-general-locales","category-locales"],"aioseo_notices":[],"gutentor_comment":0,"jetpack_featured_media_url":"https:\/\/eldiariodesanpedro.com.ar\/sitio\/wp-content\/uploads\/2021\/05\/gimnasios-en-nuevo-leon-foto.jpg","jetpack_shortlink":"https:\/\/wp.me\/p6RhLt-nUk","jetpack_sharing_enabled":true,"_links":{"self":[{"href":"https:\/\/eldiariodesanpedro.com.ar\/sitio\/wp-json\/wp\/v2\/posts\/91904","targetHints":{"allow":["GET"]}}],"collection":[{"href":"https:\/\/eldiariodesanpedro.com.ar\/sitio\/wp-json\/wp\/v2\/posts"}],"about":[{"href":"https:\/\/eldiariodesanpedro.com.ar\/sitio\/wp-json\/wp\/v2\/types\/post"}],"author":[{"embeddable":true,"href":"https:\/\/eldiariodesanpedro.com.ar\/sitio\/wp-json\/wp\/v2\/users\/4"}],"replies":[{"embeddable":true,"href":"https:\/\/eldiariodesanpedro.com.ar\/sitio\/wp-json\/wp\/v2\/comments?post=91904"}],"version-history":[{"count":1,"href":"https:\/\/eldiariodesanpedro.com.ar\/sitio\/wp-json\/wp\/v2\/posts\/91904\/revisions"}],"predecessor-version":[{"id":91906,"href":"https:\/\/eldiariodesanpedro.com.ar\/sitio\/wp-json\/wp\/v2\/posts\/91904\/revisions\/91906"}],"wp:featuredmedia":[{"embeddable":true,"href":"https:\/\/eldiariodesanpedro.com.ar\/sitio\/wp-json\/wp\/v2\/media\/91905"}],"wp:attachment":[{"href":"https:\/\/eldiariodesanpedro.com.ar\/sitio\/wp-json\/wp\/v2\/media?parent=91904"}],"wp:term":[{"taxonomy":"category","embeddable":true,"href":"https:\/\/eldiariodesanpedro.com.ar\/sitio\/wp-json\/wp\/v2\/categories?post=91904"},{"taxonomy":"post_tag","embeddable":true,"href":"https:\/\/eldiariodesanpedro.com.ar\/sitio\/wp-json\/wp\/v2\/tags?post=91904"}],"curies":[{"name":"wp","href":"https:\/\/api.w.org\/{rel}","templated":true}]}}