{"id":91901,"date":"2021-05-03T11:01:59","date_gmt":"2021-05-03T14:01:59","guid":{"rendered":"https:\/\/eldiariodesanpedro.com.ar\/sitio\/?p=91901"},"modified":"2021-05-03T11:02:03","modified_gmt":"2021-05-03T14:02:03","slug":"encuesta-para-la-confeccion-de-un-mapa-de-la-fruticultura-bonaerense","status":"publish","type":"post","link":"https:\/\/eldiariodesanpedro.com.ar\/sitio\/encuesta-para-la-confeccion-de-un-mapa-de-la-fruticultura-bonaerense\/","title":{"rendered":"Encuesta para la confecci\u00f3n de un Mapa de la Fruticultura Bonaerense"},"content":{"rendered":"<!-- VideographyWP Plugin Message: Automatic video embedding prevented by plugin options. -->\n\n<p>Desde la Secretar\u00eda de Desarrollo Econ\u00f3mico, los invitamos a todos los productores Frut\u00edcolas a completar una breve encuesta para la confecci\u00f3n de un \u201cMapa de la Fruticultura Bonaerense\u201d.<\/p>\n\n\n\n<p>El Ministerio de Desarrollo Agrario de la Provincia de Buenos Aires, en articulaci\u00f3n con otros actores, se propusieron la elaboraci\u00f3n de un mapa frut\u00edcola, que ser\u00e1 un insumo clave para el dise\u00f1o de pol\u00edticas p\u00fablicas espec\u00edficas para el sector y tendr\u00e1 como principal objetivo el fortalecimiento de la fruticultura en la Provincia.<\/p>\n\n\n\n<p>Nosotros como Municipio ya completamos la informaci\u00f3n correspondiente, ahora esperamos la respuesta individual de cada productor frut\u00edcola dentro de la localidad de San Pedro.<\/p>\n\n\n\n<p>Deben ingresar en el siguiente link y completar la encuesta: <a href=\"https:\/\/docs.google.com\/forms\/d\/e\/1FAIpQLSdd-QgC0AF8XYN7RgByTdd3y-VkoVfrHT80NOc1OE7obPxtFw\/viewform\">https:\/\/docs.google.com\/forms\/d\/e\/1FAIpQLSdd-QgC0AF8XYN7RgByTdd3y-VkoVfrHT80NOc1OE7obPxtFw\/viewform<\/a><\/p>\n","protected":false},"excerpt":{"rendered":"<p>Desde la Secretar\u00eda de Desarrollo Econ\u00f3mico, los invitamos a todos los productores Frut\u00edcolas a completar una breve encuesta para la confecci\u00f3n de un \u201cMapa de la Fruticultura Bonaerense\u201d. El Ministerio de Desarrollo Agrario de la Provincia de Buenos Aires, en articulaci\u00f3n con otros actores, se propusieron la elaboraci\u00f3n de un mapa frut\u00edcola, que ser\u00e1 un [&hellip;]<\/p>\n","protected":false},"author":4,"featured_media":91902,"comment_status":"open","ping_status":"closed","sticky":false,"template":"","format":"standard","meta":{"om_disable_all_campaigns":false,"_jetpack_memberships_contains_paid_content":false,"footnotes":""},"categories":[101,2],"tags":[],"class_list":["post-91901","post","type-post","status-publish","format-standard","has-post-thumbnail","hentry","category-interes-general-locales","category-locales"],"aioseo_notices":[],"gutentor_comment":0,"jetpack_featured_media_url":"https:\/\/eldiariodesanpedro.com.ar\/sitio\/wp-content\/uploads\/2021\/05\/WhatsApp-Image-2021-05-03-at-10.51.20.jpeg","jetpack_shortlink":"https:\/\/wp.me\/p6RhLt-nUh","jetpack_sharing_enabled":true,"_links":{"self":[{"href":"https:\/\/eldiariodesanpedro.com.ar\/sitio\/wp-json\/wp\/v2\/posts\/91901","targetHints":{"allow":["GET"]}}],"collection":[{"href":"https:\/\/eldiariodesanpedro.com.ar\/sitio\/wp-json\/wp\/v2\/posts"}],"about":[{"href":"https:\/\/eldiariodesanpedro.com.ar\/sitio\/wp-json\/wp\/v2\/types\/post"}],"author":[{"embeddable":true,"href":"https:\/\/eldiariodesanpedro.com.ar\/sitio\/wp-json\/wp\/v2\/users\/4"}],"replies":[{"embeddable":true,"href":"https:\/\/eldiariodesanpedro.com.ar\/sitio\/wp-json\/wp\/v2\/comments?post=91901"}],"version-history":[{"count":1,"href":"https:\/\/eldiariodesanpedro.com.ar\/sitio\/wp-json\/wp\/v2\/posts\/91901\/revisions"}],"predecessor-version":[{"id":91903,"href":"https:\/\/eldiariodesanpedro.com.ar\/sitio\/wp-json\/wp\/v2\/posts\/91901\/revisions\/91903"}],"wp:featuredmedia":[{"embeddable":true,"href":"https:\/\/eldiariodesanpedro.com.ar\/sitio\/wp-json\/wp\/v2\/media\/91902"}],"wp:attachment":[{"href":"https:\/\/eldiariodesanpedro.com.ar\/sitio\/wp-json\/wp\/v2\/media?parent=91901"}],"wp:term":[{"taxonomy":"category","embeddable":true,"href":"https:\/\/eldiariodesanpedro.com.ar\/sitio\/wp-json\/wp\/v2\/categories?post=91901"},{"taxonomy":"post_tag","embeddable":true,"href":"https:\/\/eldiariodesanpedro.com.ar\/sitio\/wp-json\/wp\/v2\/tags?post=91901"}],"curies":[{"name":"wp","href":"https:\/\/api.w.org\/{rel}","templated":true}]}}