{"id":91896,"date":"2021-05-03T10:39:15","date_gmt":"2021-05-03T13:39:15","guid":{"rendered":"https:\/\/eldiariodesanpedro.com.ar\/sitio\/?p=91896"},"modified":"2021-05-03T10:39:21","modified_gmt":"2021-05-03T13:39:21","slug":"ramallo-una-camioneta-cayo-al-rio","status":"publish","type":"post","link":"https:\/\/eldiariodesanpedro.com.ar\/sitio\/ramallo-una-camioneta-cayo-al-rio\/","title":{"rendered":"RAMALLO | Una camioneta cay\u00f3 al ri\u00f3"},"content":{"rendered":"<!-- VideographyWP Plugin Message: Automatic video embedding prevented by plugin options. -->\n\n<p>Este domingo en horas de la tarde frente al parador Barlovento de la ciudad de Ramallo, una camioneta ingres\u00f3 marcha atr\u00e1s con una moto de agua y cay\u00f3 al r\u00edo tras ser arrastrada por la correntada.<\/p>\n\n\n\n<p>En el lugar trabajaron varios vecinos para poder lograr retirarla del agua.<\/p>\n\n\n\n<p>Fuente: <a href=\"https:\/\/www.metafm.com.ar\/nota\/una-camioneta-cayo-al-rio\/5079#\">Ramallo Ciudad<\/a><\/p>\n","protected":false},"excerpt":{"rendered":"<p>Este domingo en horas de la tarde frente al parador Barlovento de la ciudad de Ramallo, una camioneta ingres\u00f3 marcha atr\u00e1s con una moto de agua y cay\u00f3 al r\u00edo tras ser arrastrada por la correntada. En el lugar trabajaron varios vecinos para poder lograr retirarla del agua. Fuente: Ramallo Ciudad<\/p>\n","protected":false},"author":4,"featured_media":91897,"comment_status":"open","ping_status":"closed","sticky":false,"template":"","format":"standard","meta":{"om_disable_all_campaigns":false,"_jetpack_memberships_contains_paid_content":false,"footnotes":""},"categories":[621],"tags":[],"class_list":["post-91896","post","type-post","status-publish","format-standard","has-post-thumbnail","hentry","category-regionales"],"aioseo_notices":[],"gutentor_comment":0,"jetpack_featured_media_url":"https:\/\/eldiariodesanpedro.com.ar\/sitio\/wp-content\/uploads\/2021\/05\/16200448460.jpg","jetpack_shortlink":"https:\/\/wp.me\/p6RhLt-nUc","jetpack_sharing_enabled":true,"_links":{"self":[{"href":"https:\/\/eldiariodesanpedro.com.ar\/sitio\/wp-json\/wp\/v2\/posts\/91896","targetHints":{"allow":["GET"]}}],"collection":[{"href":"https:\/\/eldiariodesanpedro.com.ar\/sitio\/wp-json\/wp\/v2\/posts"}],"about":[{"href":"https:\/\/eldiariodesanpedro.com.ar\/sitio\/wp-json\/wp\/v2\/types\/post"}],"author":[{"embeddable":true,"href":"https:\/\/eldiariodesanpedro.com.ar\/sitio\/wp-json\/wp\/v2\/users\/4"}],"replies":[{"embeddable":true,"href":"https:\/\/eldiariodesanpedro.com.ar\/sitio\/wp-json\/wp\/v2\/comments?post=91896"}],"version-history":[{"count":1,"href":"https:\/\/eldiariodesanpedro.com.ar\/sitio\/wp-json\/wp\/v2\/posts\/91896\/revisions"}],"predecessor-version":[{"id":91898,"href":"https:\/\/eldiariodesanpedro.com.ar\/sitio\/wp-json\/wp\/v2\/posts\/91896\/revisions\/91898"}],"wp:featuredmedia":[{"embeddable":true,"href":"https:\/\/eldiariodesanpedro.com.ar\/sitio\/wp-json\/wp\/v2\/media\/91897"}],"wp:attachment":[{"href":"https:\/\/eldiariodesanpedro.com.ar\/sitio\/wp-json\/wp\/v2\/media?parent=91896"}],"wp:term":[{"taxonomy":"category","embeddable":true,"href":"https:\/\/eldiariodesanpedro.com.ar\/sitio\/wp-json\/wp\/v2\/categories?post=91896"},{"taxonomy":"post_tag","embeddable":true,"href":"https:\/\/eldiariodesanpedro.com.ar\/sitio\/wp-json\/wp\/v2\/tags?post=91896"}],"curies":[{"name":"wp","href":"https:\/\/api.w.org\/{rel}","templated":true}]}}