{"id":91893,"date":"2021-05-03T10:35:38","date_gmt":"2021-05-03T13:35:38","guid":{"rendered":"https:\/\/eldiariodesanpedro.com.ar\/sitio\/?p=91893"},"modified":"2021-05-03T10:35:43","modified_gmt":"2021-05-03T13:35:43","slug":"san-nicolas-policia-desactivo-carreras-clandestinas-de-caballos","status":"publish","type":"post","link":"https:\/\/eldiariodesanpedro.com.ar\/sitio\/san-nicolas-policia-desactivo-carreras-clandestinas-de-caballos\/","title":{"rendered":"SAN NICOL\u00c1S | Polic\u00eda desactiv\u00f3 carreras clandestinas de caballos"},"content":{"rendered":"<!-- VideographyWP Plugin Message: Automatic video embedding prevented by plugin options. -->\n\n<p>Personal del Comando de Patrulla se hizo presente en 1 de Mayo y Mendoza, donde fueron alertados que se estaban realizando carreras clandestinas de caballos.<\/p>\n\n\n\n<p>Al arribar al lugar se observ\u00f3 a un grupo de 150 personas que se retiraban del sitio sin poder ser identificados.<\/p>\n\n\n\n<p>Se puso en conocimiento al Juzgado Correccional en turno.<\/p>\n\n\n\n<p>Fuente: Diario El Informante<\/p>\n","protected":false},"excerpt":{"rendered":"<p>Personal del Comando de Patrulla se hizo presente en 1 de Mayo y Mendoza, donde fueron alertados que se estaban realizando carreras clandestinas de caballos. Al arribar al lugar se observ\u00f3 a un grupo de 150 personas que se retiraban del sitio sin poder ser identificados. Se puso en conocimiento al Juzgado Correccional en turno. [&hellip;]<\/p>\n","protected":false},"author":4,"featured_media":91894,"comment_status":"open","ping_status":"closed","sticky":false,"template":"","format":"standard","meta":{"om_disable_all_campaigns":false,"_jetpack_memberships_contains_paid_content":false,"footnotes":""},"categories":[621],"tags":[],"class_list":["post-91893","post","type-post","status-publish","format-standard","has-post-thumbnail","hentry","category-regionales"],"aioseo_notices":[],"gutentor_comment":0,"jetpack_featured_media_url":"https:\/\/eldiariodesanpedro.com.ar\/sitio\/wp-content\/uploads\/2021\/05\/no_3qzd9qyr7b1ilmpWhatsApp_Image_2021_05_02_at_18.42.jpg","jetpack_shortlink":"https:\/\/wp.me\/p6RhLt-nU9","jetpack_sharing_enabled":true,"_links":{"self":[{"href":"https:\/\/eldiariodesanpedro.com.ar\/sitio\/wp-json\/wp\/v2\/posts\/91893","targetHints":{"allow":["GET"]}}],"collection":[{"href":"https:\/\/eldiariodesanpedro.com.ar\/sitio\/wp-json\/wp\/v2\/posts"}],"about":[{"href":"https:\/\/eldiariodesanpedro.com.ar\/sitio\/wp-json\/wp\/v2\/types\/post"}],"author":[{"embeddable":true,"href":"https:\/\/eldiariodesanpedro.com.ar\/sitio\/wp-json\/wp\/v2\/users\/4"}],"replies":[{"embeddable":true,"href":"https:\/\/eldiariodesanpedro.com.ar\/sitio\/wp-json\/wp\/v2\/comments?post=91893"}],"version-history":[{"count":1,"href":"https:\/\/eldiariodesanpedro.com.ar\/sitio\/wp-json\/wp\/v2\/posts\/91893\/revisions"}],"predecessor-version":[{"id":91895,"href":"https:\/\/eldiariodesanpedro.com.ar\/sitio\/wp-json\/wp\/v2\/posts\/91893\/revisions\/91895"}],"wp:featuredmedia":[{"embeddable":true,"href":"https:\/\/eldiariodesanpedro.com.ar\/sitio\/wp-json\/wp\/v2\/media\/91894"}],"wp:attachment":[{"href":"https:\/\/eldiariodesanpedro.com.ar\/sitio\/wp-json\/wp\/v2\/media?parent=91893"}],"wp:term":[{"taxonomy":"category","embeddable":true,"href":"https:\/\/eldiariodesanpedro.com.ar\/sitio\/wp-json\/wp\/v2\/categories?post=91893"},{"taxonomy":"post_tag","embeddable":true,"href":"https:\/\/eldiariodesanpedro.com.ar\/sitio\/wp-json\/wp\/v2\/tags?post=91893"}],"curies":[{"name":"wp","href":"https:\/\/api.w.org\/{rel}","templated":true}]}}