{"id":91890,"date":"2021-05-03T10:31:53","date_gmt":"2021-05-03T13:31:53","guid":{"rendered":"https:\/\/eldiariodesanpedro.com.ar\/sitio\/?p=91890"},"modified":"2021-05-03T10:31:57","modified_gmt":"2021-05-03T13:31:57","slug":"zarate-vecinos-de-campana-dieron-positivo-en-los-test-rapidos-y-no-pudieron-ingresar-a-zarate","status":"publish","type":"post","link":"https:\/\/eldiariodesanpedro.com.ar\/sitio\/zarate-vecinos-de-campana-dieron-positivo-en-los-test-rapidos-y-no-pudieron-ingresar-a-zarate\/","title":{"rendered":"Z\u00c1RATE | Vecinos de Campana dieron positivo en los test r\u00e1pidos y no pudieron ingresar a Z\u00e1rate"},"content":{"rendered":"<!-- VideographyWP Plugin Message: Automatic video embedding prevented by plugin options. -->\n\n<p>Este fin de semana el municipio desarroll\u00f3 operativos de protecci\u00f3n sanitaria en los accesos a la ciudad.<br>En los mismos, el municipio procedi\u00f3, tal como se hab\u00eda adelantado en la tarde noche del viernes, a la verificaci\u00f3n vehicular por parte de los agentes municipales, y se realizaron testeos r\u00e1pidos aleatorios a quienes llegaban de localidades vecinas, tarea que estuvo a cargo de profesionales de la secretaria de salud.<\/p>\n\n\n\n<p>El objetivo de estos operativos es claro, manifestaron autoridades municipales: \u201cPriorizamos el cuidado de la salud de la ciudadan\u00eda de Z\u00e1rate y de quienes ingresan desde otras localidades\u201d.<\/p>\n\n\n\n<p>En caso de detectar casos positivos de COVID-19, como ha ocurrido durante este fin de semana con familias de Campana y Merlo, se les solicita a las personas portadoras del virus que vuelvan a sus domicilios para que realicen el aislamiento correspondiente y puedan contar con el seguimiento m\u00e9dico necesario.<\/p>\n\n\n\n<p>En principio los operativos continuar\u00e1n los fines de semana en accesos a la ciudad.<\/p>\n\n\n\n<p>Tambi\u00e9n se recuerda que se ha vuelto a poner en marcha el circuito recreativo sanitario en el Paseo de la Ribera. Este Circuito funciona s\u00e1bados y domingos de 11:00 a 18:00. En este sitio se deber\u00e1 mantener el distanciamiento social, el uso obligatorio de barbijo y tapaboca, as\u00ed como tambi\u00e9n se reitera que no est\u00e1 permitida la aglomeraci\u00f3n de personas, permanencia, ni reuniones sociales.<\/p>\n","protected":false},"excerpt":{"rendered":"<p>Este fin de semana el municipio desarroll\u00f3 operativos de protecci\u00f3n sanitaria en los accesos a la ciudad.En los mismos, el municipio procedi\u00f3, tal como se hab\u00eda adelantado en la tarde noche del viernes, a la verificaci\u00f3n vehicular por parte de los agentes municipales, y se realizaron testeos r\u00e1pidos aleatorios a quienes llegaban de localidades vecinas, [&hellip;]<\/p>\n","protected":false},"author":4,"featured_media":91891,"comment_status":"open","ping_status":"closed","sticky":false,"template":"","format":"standard","meta":{"om_disable_all_campaigns":false,"_jetpack_memberships_contains_paid_content":false,"footnotes":""},"categories":[621],"tags":[],"class_list":["post-91890","post","type-post","status-publish","format-standard","has-post-thumbnail","hentry","category-regionales"],"aioseo_notices":[],"gutentor_comment":0,"jetpack_featured_media_url":"https:\/\/eldiariodesanpedro.com.ar\/sitio\/wp-content\/uploads\/2021\/05\/3672bf69-ffd2-4760-a631-b2ab1588603a.jpg","jetpack_shortlink":"https:\/\/wp.me\/p6RhLt-nU6","jetpack_sharing_enabled":true,"_links":{"self":[{"href":"https:\/\/eldiariodesanpedro.com.ar\/sitio\/wp-json\/wp\/v2\/posts\/91890","targetHints":{"allow":["GET"]}}],"collection":[{"href":"https:\/\/eldiariodesanpedro.com.ar\/sitio\/wp-json\/wp\/v2\/posts"}],"about":[{"href":"https:\/\/eldiariodesanpedro.com.ar\/sitio\/wp-json\/wp\/v2\/types\/post"}],"author":[{"embeddable":true,"href":"https:\/\/eldiariodesanpedro.com.ar\/sitio\/wp-json\/wp\/v2\/users\/4"}],"replies":[{"embeddable":true,"href":"https:\/\/eldiariodesanpedro.com.ar\/sitio\/wp-json\/wp\/v2\/comments?post=91890"}],"version-history":[{"count":1,"href":"https:\/\/eldiariodesanpedro.com.ar\/sitio\/wp-json\/wp\/v2\/posts\/91890\/revisions"}],"predecessor-version":[{"id":91892,"href":"https:\/\/eldiariodesanpedro.com.ar\/sitio\/wp-json\/wp\/v2\/posts\/91890\/revisions\/91892"}],"wp:featuredmedia":[{"embeddable":true,"href":"https:\/\/eldiariodesanpedro.com.ar\/sitio\/wp-json\/wp\/v2\/media\/91891"}],"wp:attachment":[{"href":"https:\/\/eldiariodesanpedro.com.ar\/sitio\/wp-json\/wp\/v2\/media?parent=91890"}],"wp:term":[{"taxonomy":"category","embeddable":true,"href":"https:\/\/eldiariodesanpedro.com.ar\/sitio\/wp-json\/wp\/v2\/categories?post=91890"},{"taxonomy":"post_tag","embeddable":true,"href":"https:\/\/eldiariodesanpedro.com.ar\/sitio\/wp-json\/wp\/v2\/tags?post=91890"}],"curies":[{"name":"wp","href":"https:\/\/api.w.org\/{rel}","templated":true}]}}