{"id":91881,"date":"2021-05-03T10:16:14","date_gmt":"2021-05-03T13:16:14","guid":{"rendered":"https:\/\/eldiariodesanpedro.com.ar\/sitio\/?p=91881"},"modified":"2021-05-03T10:16:25","modified_gmt":"2021-05-03T13:16:25","slug":"zarate-un-nino-de-7-anos-murio-electrocutado","status":"publish","type":"post","link":"https:\/\/eldiariodesanpedro.com.ar\/sitio\/zarate-un-nino-de-7-anos-murio-electrocutado\/","title":{"rendered":"Z\u00c1RATE | Un ni\u00f1o de 7 a\u00f1os muri\u00f3 electrocutado"},"content":{"rendered":"<!-- VideographyWP Plugin Message: Automatic video embedding prevented by plugin options. -->\n\n<p>Un ni\u00f1o de 7 a\u00f1os muri\u00f3 ayer por la tarde en una vivienda del barrio El Progreso de Z\u00e1rate tras recibir una descarga el\u00e9ctrica.<\/p>\n\n\n\n<p>El ni\u00f1o habr\u00eda tocado un enchufe que ten\u00eda un cable pelado. Todo ocurri\u00f3 cuando \u00e9l estaba solo en su casa junto a su hermano de 9 a\u00f1os.<\/p>\n\n\n\n<p>Su madre y su padrastro se hab\u00edan ido a hacer compras seg\u00fan explicaron fuentes del caso.<\/p>\n\n\n\n<p>El menor ingres\u00f3 sin vida al hospital intermedio Ren\u00e9 Favaloro a donde fue trasladado por un familiar.<\/p>\n\n\n\n<p>Fuente: <a href=\"https:\/\/impactolocal.com.ar\/2021\/05\/03\/un-nino-de-7-anos-murio-electrocutado\/\">Impacto Local<\/a><\/p>\n","protected":false},"excerpt":{"rendered":"<p>Un ni\u00f1o de 7 a\u00f1os muri\u00f3 ayer por la tarde en una vivienda del barrio El Progreso de Z\u00e1rate tras recibir una descarga el\u00e9ctrica. El ni\u00f1o habr\u00eda tocado un enchufe que ten\u00eda un cable pelado. Todo ocurri\u00f3 cuando \u00e9l estaba solo en su casa junto a su hermano de 9 a\u00f1os. Su madre y su [&hellip;]<\/p>\n","protected":false},"author":4,"featured_media":91882,"comment_status":"open","ping_status":"closed","sticky":false,"template":"","format":"standard","meta":{"om_disable_all_campaigns":false,"_jetpack_memberships_contains_paid_content":false,"footnotes":""},"categories":[621],"tags":[],"class_list":["post-91881","post","type-post","status-publish","format-standard","has-post-thumbnail","hentry","category-regionales"],"aioseo_notices":[],"gutentor_comment":0,"jetpack_featured_media_url":"https:\/\/eldiariodesanpedro.com.ar\/sitio\/wp-content\/uploads\/2021\/05\/POLICIAL-PATRULLERO-MORGUERA-POLICIA-CIENTIFICA-3-91434_600x315.jpg","jetpack_shortlink":"https:\/\/wp.me\/p6RhLt-nTX","jetpack_sharing_enabled":true,"_links":{"self":[{"href":"https:\/\/eldiariodesanpedro.com.ar\/sitio\/wp-json\/wp\/v2\/posts\/91881","targetHints":{"allow":["GET"]}}],"collection":[{"href":"https:\/\/eldiariodesanpedro.com.ar\/sitio\/wp-json\/wp\/v2\/posts"}],"about":[{"href":"https:\/\/eldiariodesanpedro.com.ar\/sitio\/wp-json\/wp\/v2\/types\/post"}],"author":[{"embeddable":true,"href":"https:\/\/eldiariodesanpedro.com.ar\/sitio\/wp-json\/wp\/v2\/users\/4"}],"replies":[{"embeddable":true,"href":"https:\/\/eldiariodesanpedro.com.ar\/sitio\/wp-json\/wp\/v2\/comments?post=91881"}],"version-history":[{"count":1,"href":"https:\/\/eldiariodesanpedro.com.ar\/sitio\/wp-json\/wp\/v2\/posts\/91881\/revisions"}],"predecessor-version":[{"id":91883,"href":"https:\/\/eldiariodesanpedro.com.ar\/sitio\/wp-json\/wp\/v2\/posts\/91881\/revisions\/91883"}],"wp:featuredmedia":[{"embeddable":true,"href":"https:\/\/eldiariodesanpedro.com.ar\/sitio\/wp-json\/wp\/v2\/media\/91882"}],"wp:attachment":[{"href":"https:\/\/eldiariodesanpedro.com.ar\/sitio\/wp-json\/wp\/v2\/media?parent=91881"}],"wp:term":[{"taxonomy":"category","embeddable":true,"href":"https:\/\/eldiariodesanpedro.com.ar\/sitio\/wp-json\/wp\/v2\/categories?post=91881"},{"taxonomy":"post_tag","embeddable":true,"href":"https:\/\/eldiariodesanpedro.com.ar\/sitio\/wp-json\/wp\/v2\/tags?post=91881"}],"curies":[{"name":"wp","href":"https:\/\/api.w.org\/{rel}","templated":true}]}}