{"id":91878,"date":"2021-05-03T10:12:14","date_gmt":"2021-05-03T13:12:14","guid":{"rendered":"https:\/\/eldiariodesanpedro.com.ar\/sitio\/?p=91878"},"modified":"2021-05-03T10:12:20","modified_gmt":"2021-05-03T13:12:20","slug":"campana-el-municipio-intenta-un-nuevo-desalojo-a-manteros-de-plaza-1-de-mayo","status":"publish","type":"post","link":"https:\/\/eldiariodesanpedro.com.ar\/sitio\/campana-el-municipio-intenta-un-nuevo-desalojo-a-manteros-de-plaza-1-de-mayo\/","title":{"rendered":"CAMPANA | El Municipio intenta un nuevo desalojo a manteros de Plaza 1\u00b0 de Mayo"},"content":{"rendered":"<!-- VideographyWP Plugin Message: Automatic video embedding prevented by plugin options. -->\n\n<p>Marta Musante se ha convertido en la voz de los manteros de Plaza 1\u00b0 de Mayo. Hoy protagoniz\u00f3 el tercer intento de desalojo. Asegura que entiende el contexto de pandemia y las nuevas disposiciones, pero reclama que nadie les advirti\u00f3 con tiempo. \u201cEl S\u00e1bado a las ocho de la noche me dicen que no podemos hacer la feria&#8230; \u00bfy c\u00f3mo le aviso a 800 personas que no pueden venir?\u201d. \u201cHay que respetar al pobre, que es el que\u00a0que es el que te da el voto\u00bb.<\/p>\n\n\n\n<p>La plaza 1\u00b0 de Mayo volvi\u00f3 a vivir momentos de suma tensi\u00f3n. Fuerzas policiales impidieron la instalaci\u00f3n de los feriantes como consecuencias de las nuevas restricciones impuestas ante el avance de la segunda ola de la pandemia de Coronavirus.<\/p>\n\n\n\n<p>\u201cNo somos ignorantes, sabemos que hay una pandemia. Pero desde septiembre que volvimos a trabajar, nos pusieron trabas. El tema ac\u00e1 es que el Intendente no nos quiere como feria americana porque movemos mucha gente. Saben que hay necesidad, que la mayor\u00eda de la gente no tiene trabajo, y con esto subsistimos, no vivimos\u201d, coment\u00f3 Marta Musante, quien se ha convertido en la voz de los feriantes del lugar, al rechazar el desalojo.<\/p>\n\n\n\n<p>Consternada por la gran presencia de m\u00f3viles y efectivos de la polic\u00eda y GAD (m\u00e1s de una docena) para evitar que trabajen, la feriante explic\u00f3 que reci\u00e9n ayer \u2013por el d\u00eda s\u00e1bado- a las 20 horas el Municipio se comunic\u00f3 para informarle que no pod\u00edan funcionar. \u201cEl se\u00f1or Negrette \u2013 quien es el actual secretario de Legal y T\u00e9cnica- me dice que no podemos hacer la feria&#8230; \u00bfy c\u00f3mo le aviso a 800 personas que no pueden venir?. Le corto los brazos y las piernas a mucha gente al decirle que no\u201d, expres\u00f3.<\/p>\n\n\n\n<p>Y continu\u00f3: \u201cLo \u00fanico que tenemos son trapos viejos. Pero a mucha gente le sirve y a nosotros nos da de comer y vivimos\u201d.<\/p>\n\n\n\n<p>Respecto al accionar de las fuerzas de seguridad, la Musante detall\u00f3 que \u201cprimero vino un polic\u00eda que nos dijo que mientras mantengamos el distanciamiento y usemos barbijo, pod\u00edamos seguir y los m\u00f3viles se iban a quedar. Pero luego vino el jefe de la Comisar\u00eda, y dice que va a decomisar todo porque tiene la orden del Juzgado Federal\u201d.<\/p>\n\n\n\n<p>\u201cNo somos delincuentes. Estamos en un pedazo de tierra, en un lugar p\u00fablico. \u00bfPor qu\u00e9 nos maltratan siempre?\u201d, se pregunt\u00f3, y luego dio su punto de vista: \u201clo hacen porque no le generamos plata. El Municipio pierde mucho dinero con la gente que mueve la plaza. Pero somos gente honesta, no nos da verg\u00fcenza venir y tirar un trapo. Estamos desde las 7:30 de la ma\u00f1ana hasta las 7 de la tarde. A veces se vende, y otras no. Muchos debiendo el remis que los traslada, y otros se vienen caminando\u201d.<\/p>\n\n\n\n<p>Hacia el final, asegur\u00f3 que \u201cel Municipio busca joder a la gente que no tiene\u201d. Por ello, le pidi\u00f3 \u201cque deje de molestar. Vamos a seguir trabajando. No molestamos a nadie. Hay que respetar al pobre que es el que te da el voto el d\u00eda de ma\u00f1ana\u201d.<\/p>\n\n\n\n<p>Al retirarse los medios de comunicaci\u00f3n, aseguran que hubo algunos demorados y mercader\u00eda decomisada. Este Lunes, planean manifestarse frente al Palacio Municipal.<\/p>\n\n\n\n<p>Fuente: <a href=\"https:\/\/www.campananoticias.com\/noticia\/67222\/saben-que-hay-necesidad-la-mayora-no-tiene-trabajo-y-con-esto-subsistimos-no-vivimos-\">Campana Noticias<\/a><\/p>\n","protected":false},"excerpt":{"rendered":"<p>Marta Musante se ha convertido en la voz de los manteros de Plaza 1\u00b0 de Mayo. Hoy protagoniz\u00f3 el tercer intento de desalojo. Asegura que entiende el contexto de pandemia y las nuevas disposiciones, pero reclama que nadie les advirti\u00f3 con tiempo. \u201cEl S\u00e1bado a las ocho de la noche me dicen que no podemos [&hellip;]<\/p>\n","protected":false},"author":4,"featured_media":91879,"comment_status":"open","ping_status":"closed","sticky":false,"template":"","format":"standard","meta":{"om_disable_all_campaigns":false,"_jetpack_memberships_contains_paid_content":false,"footnotes":""},"categories":[621],"tags":[],"class_list":["post-91878","post","type-post","status-publish","format-standard","has-post-thumbnail","hentry","category-regionales"],"aioseo_notices":[],"gutentor_comment":0,"jetpack_featured_media_url":"https:\/\/eldiariodesanpedro.com.ar\/sitio\/wp-content\/uploads\/2021\/05\/20210502093835.jpeg","jetpack_shortlink":"https:\/\/wp.me\/p6RhLt-nTU","jetpack_sharing_enabled":true,"_links":{"self":[{"href":"https:\/\/eldiariodesanpedro.com.ar\/sitio\/wp-json\/wp\/v2\/posts\/91878","targetHints":{"allow":["GET"]}}],"collection":[{"href":"https:\/\/eldiariodesanpedro.com.ar\/sitio\/wp-json\/wp\/v2\/posts"}],"about":[{"href":"https:\/\/eldiariodesanpedro.com.ar\/sitio\/wp-json\/wp\/v2\/types\/post"}],"author":[{"embeddable":true,"href":"https:\/\/eldiariodesanpedro.com.ar\/sitio\/wp-json\/wp\/v2\/users\/4"}],"replies":[{"embeddable":true,"href":"https:\/\/eldiariodesanpedro.com.ar\/sitio\/wp-json\/wp\/v2\/comments?post=91878"}],"version-history":[{"count":1,"href":"https:\/\/eldiariodesanpedro.com.ar\/sitio\/wp-json\/wp\/v2\/posts\/91878\/revisions"}],"predecessor-version":[{"id":91880,"href":"https:\/\/eldiariodesanpedro.com.ar\/sitio\/wp-json\/wp\/v2\/posts\/91878\/revisions\/91880"}],"wp:featuredmedia":[{"embeddable":true,"href":"https:\/\/eldiariodesanpedro.com.ar\/sitio\/wp-json\/wp\/v2\/media\/91879"}],"wp:attachment":[{"href":"https:\/\/eldiariodesanpedro.com.ar\/sitio\/wp-json\/wp\/v2\/media?parent=91878"}],"wp:term":[{"taxonomy":"category","embeddable":true,"href":"https:\/\/eldiariodesanpedro.com.ar\/sitio\/wp-json\/wp\/v2\/categories?post=91878"},{"taxonomy":"post_tag","embeddable":true,"href":"https:\/\/eldiariodesanpedro.com.ar\/sitio\/wp-json\/wp\/v2\/tags?post=91878"}],"curies":[{"name":"wp","href":"https:\/\/api.w.org\/{rel}","templated":true}]}}