{"id":91868,"date":"2021-05-02T21:10:00","date_gmt":"2021-05-03T00:10:00","guid":{"rendered":"https:\/\/eldiariodesanpedro.com.ar\/sitio\/?p=91868"},"modified":"2021-05-02T21:10:43","modified_gmt":"2021-05-03T00:10:43","slug":"cronograma-de-pago-de-anses-para-manana-lunes-2","status":"publish","type":"post","link":"https:\/\/eldiariodesanpedro.com.ar\/sitio\/cronograma-de-pago-de-anses-para-manana-lunes-2\/","title":{"rendered":"Cronograma de pago de Anses para ma\u00f1ana lunes"},"content":{"rendered":"<!-- VideographyWP Plugin Message: Automatic video embedding prevented by plugin options. -->\n\n<p>El organismo, a cargo de la Lic. Fernanda Raverta, informa que ma\u00f1ana contin\u00faa el pago del refuerzo de los 15.000 pesos para beneficiarios del AMBA y, adem\u00e1s, se abonan Pensiones No Contributivas y Programa Alimentario PAMI.<\/p>\n\n\n\n<p><strong>Pensiones No Contributivas<\/strong><br>Las sucursales bancarias habilitadas atender\u00e1n por ventanilla solo a titulares de Pensiones No Contributivas (PNC) que deban cobrar su haber de mayo con documentos terminados en\u00a0<strong>0\u00a0<\/strong>y\u00a0<strong>1<\/strong>.<br>En este sentido, si bien estas personas no tienen que solicitar turno previo para cobrar este beneficio,\u00a0deben acercarse a la sucursal bancaria \u00fanicamente en la fecha asignada. Cabe recordar que los haberes permanecer\u00e1n depositados en sus cuentas.<\/p>\n\n\n\n<p><strong>Programa Alimentario PAMI<\/strong><br>En el marco del Programa Alimentario PAMI, la ANSES abona ma\u00f1ana el pago extraordinario equivalente al monto del bols\u00f3n de alimentos. Para m\u00e1s informaci\u00f3n se puede ingresar a\u00a0<a rel=\"noreferrer noopener\" href=\"http:\/\/www.pami.org.ar\/programa-alimentario\" target=\"_blank\">www.pami.org.ar\/programa-alimentario<\/a>.<\/p>\n","protected":false},"excerpt":{"rendered":"<p>El organismo, a cargo de la Lic. Fernanda Raverta, informa que ma\u00f1ana contin\u00faa el pago del refuerzo de los 15.000 pesos para beneficiarios del AMBA y, adem\u00e1s, se abonan Pensiones No Contributivas y Programa Alimentario PAMI. Pensiones No ContributivasLas sucursales bancarias habilitadas atender\u00e1n por ventanilla solo a titulares de Pensiones No Contributivas (PNC) que deban [&hellip;]<\/p>\n","protected":false},"author":4,"featured_media":89081,"comment_status":"open","ping_status":"closed","sticky":false,"template":"","format":"standard","meta":{"om_disable_all_campaigns":false,"_jetpack_memberships_contains_paid_content":false,"footnotes":""},"categories":[101,2],"tags":[],"class_list":["post-91868","post","type-post","status-publish","format-standard","has-post-thumbnail","hentry","category-interes-general-locales","category-locales"],"aioseo_notices":[],"gutentor_comment":0,"jetpack_featured_media_url":"https:\/\/eldiariodesanpedro.com.ar\/sitio\/wp-content\/uploads\/2021\/03\/anses-1.jpg","jetpack_shortlink":"https:\/\/wp.me\/p6RhLt-nTK","jetpack_sharing_enabled":true,"_links":{"self":[{"href":"https:\/\/eldiariodesanpedro.com.ar\/sitio\/wp-json\/wp\/v2\/posts\/91868","targetHints":{"allow":["GET"]}}],"collection":[{"href":"https:\/\/eldiariodesanpedro.com.ar\/sitio\/wp-json\/wp\/v2\/posts"}],"about":[{"href":"https:\/\/eldiariodesanpedro.com.ar\/sitio\/wp-json\/wp\/v2\/types\/post"}],"author":[{"embeddable":true,"href":"https:\/\/eldiariodesanpedro.com.ar\/sitio\/wp-json\/wp\/v2\/users\/4"}],"replies":[{"embeddable":true,"href":"https:\/\/eldiariodesanpedro.com.ar\/sitio\/wp-json\/wp\/v2\/comments?post=91868"}],"version-history":[{"count":1,"href":"https:\/\/eldiariodesanpedro.com.ar\/sitio\/wp-json\/wp\/v2\/posts\/91868\/revisions"}],"predecessor-version":[{"id":91869,"href":"https:\/\/eldiariodesanpedro.com.ar\/sitio\/wp-json\/wp\/v2\/posts\/91868\/revisions\/91869"}],"wp:featuredmedia":[{"embeddable":true,"href":"https:\/\/eldiariodesanpedro.com.ar\/sitio\/wp-json\/wp\/v2\/media\/89081"}],"wp:attachment":[{"href":"https:\/\/eldiariodesanpedro.com.ar\/sitio\/wp-json\/wp\/v2\/media?parent=91868"}],"wp:term":[{"taxonomy":"category","embeddable":true,"href":"https:\/\/eldiariodesanpedro.com.ar\/sitio\/wp-json\/wp\/v2\/categories?post=91868"},{"taxonomy":"post_tag","embeddable":true,"href":"https:\/\/eldiariodesanpedro.com.ar\/sitio\/wp-json\/wp\/v2\/tags?post=91868"}],"curies":[{"name":"wp","href":"https:\/\/api.w.org\/{rel}","templated":true}]}}