{"id":91866,"date":"2021-05-02T21:04:08","date_gmt":"2021-05-03T00:04:08","guid":{"rendered":"https:\/\/eldiariodesanpedro.com.ar\/sitio\/?p=91866"},"modified":"2021-05-02T21:04:12","modified_gmt":"2021-05-03T00:04:12","slug":"un-automovil-volco-y-quedo-dentro-de-una-zanja-2","status":"publish","type":"post","link":"https:\/\/eldiariodesanpedro.com.ar\/sitio\/un-automovil-volco-y-quedo-dentro-de-una-zanja-2\/","title":{"rendered":"Un autom\u00f3vil volc\u00f3 y quedo dentro de una zanja"},"content":{"rendered":"<!-- VideographyWP Plugin Message: Automatic video embedding prevented by plugin options. -->\n\n<p>El hecho ocurri\u00f3 en la tarde noche alrededor de las 19 hs&nbsp; de hoy en calle Caseros y Dipietri cuando por motivos que se tratan de establecer un autom\u00f3vil Renault Fluence bordo perdi\u00f3 el control y termin\u00f3 volcando dentro de una zanja.<\/p>\n\n\n\n<p>Los vecinos del barrio ayudaron a quienes circulaban en el rodado a salir del mismo y luego con la ayuda de una gr\u00faa pudieron retirarlo del lugar donde hab\u00eda quedado.<\/p>\n\n\n\n<p>El veh\u00edculo qued\u00f3 completamente destrozado y afortunadamente sus ocupantes no sufrieron heridas, inclusive se negaron a ser trasladados por la ambulancia del SAME.<\/p>\n\n\n\n<figure class=\"wp-block-image size-large\"><img decoding=\"async\" width=\"960\" height=\"720\" data-attachment-id=\"91861\" data-permalink=\"https:\/\/eldiariodesanpedro.com.ar\/sitio\/181066925_1572979862911130_5625653885210108140_n\/\" data-orig-file=\"https:\/\/eldiariodesanpedro.com.ar\/sitio\/wp-content\/uploads\/2021\/05\/181066925_1572979862911130_5625653885210108140_n.jpg\" data-orig-size=\"960,720\" data-comments-opened=\"1\" data-image-meta=\"{&quot;aperture&quot;:&quot;0&quot;,&quot;credit&quot;:&quot;&quot;,&quot;camera&quot;:&quot;&quot;,&quot;caption&quot;:&quot;&quot;,&quot;created_timestamp&quot;:&quot;0&quot;,&quot;copyright&quot;:&quot;&quot;,&quot;focal_length&quot;:&quot;0&quot;,&quot;iso&quot;:&quot;0&quot;,&quot;shutter_speed&quot;:&quot;0&quot;,&quot;title&quot;:&quot;&quot;,&quot;orientation&quot;:&quot;0&quot;}\" data-image-title=\"181066925_1572979862911130_5625653885210108140_n\" data-image-description=\"\" data-image-caption=\"\" data-large-file=\"https:\/\/eldiariodesanpedro.com.ar\/sitio\/wp-content\/uploads\/2021\/05\/181066925_1572979862911130_5625653885210108140_n.jpg\" data-src=\"https:\/\/eldiariodesanpedro.com.ar\/sitio\/wp-content\/uploads\/2021\/05\/181066925_1572979862911130_5625653885210108140_n.jpg\" alt=\"\" class=\"wp-image-91861 lazyload\" data-srcset=\"https:\/\/eldiariodesanpedro.com.ar\/sitio\/wp-content\/uploads\/2021\/05\/181066925_1572979862911130_5625653885210108140_n.jpg 960w, https:\/\/eldiariodesanpedro.com.ar\/sitio\/wp-content\/uploads\/2021\/05\/181066925_1572979862911130_5625653885210108140_n-300x225.jpg 300w, https:\/\/eldiariodesanpedro.com.ar\/sitio\/wp-content\/uploads\/2021\/05\/181066925_1572979862911130_5625653885210108140_n-768x576.jpg 768w, https:\/\/eldiariodesanpedro.com.ar\/sitio\/wp-content\/uploads\/2021\/05\/181066925_1572979862911130_5625653885210108140_n-500x375.jpg 500w\" data-sizes=\"(max-width: 960px) 100vw, 960px\" src=\"data:image\/svg+xml;base64,PHN2ZyB3aWR0aD0iMSIgaGVpZ2h0PSIxIiB4bWxucz0iaHR0cDovL3d3dy53My5vcmcvMjAwMC9zdmciPjwvc3ZnPg==\" style=\"--smush-placeholder-width: 960px; --smush-placeholder-aspect-ratio: 960\/720;\" \/><\/figure>\n","protected":false},"excerpt":{"rendered":"<p>El hecho ocurri\u00f3 en la tarde noche alrededor de las 19 hs&nbsp; de hoy en calle Caseros y Dipietri cuando por motivos que se tratan de establecer un autom\u00f3vil Renault Fluence bordo perdi\u00f3 el control y termin\u00f3 volcando dentro de una zanja. Los vecinos del barrio ayudaron a quienes circulaban en el rodado a salir [&hellip;]<\/p>\n","protected":false},"author":4,"featured_media":91862,"comment_status":"open","ping_status":"closed","sticky":false,"template":"","format":"standard","meta":{"om_disable_all_campaigns":false,"_jetpack_memberships_contains_paid_content":false,"footnotes":""},"categories":[2,103],"tags":[],"class_list":["post-91866","post","type-post","status-publish","format-standard","has-post-thumbnail","hentry","category-locales","category-policiales-locales"],"aioseo_notices":[],"gutentor_comment":0,"jetpack_featured_media_url":"https:\/\/eldiariodesanpedro.com.ar\/sitio\/wp-content\/uploads\/2021\/05\/181395711_1572979929577790_8073567394119501235_n.jpg","jetpack_shortlink":"https:\/\/wp.me\/p6RhLt-nTI","jetpack_sharing_enabled":true,"_links":{"self":[{"href":"https:\/\/eldiariodesanpedro.com.ar\/sitio\/wp-json\/wp\/v2\/posts\/91866","targetHints":{"allow":["GET"]}}],"collection":[{"href":"https:\/\/eldiariodesanpedro.com.ar\/sitio\/wp-json\/wp\/v2\/posts"}],"about":[{"href":"https:\/\/eldiariodesanpedro.com.ar\/sitio\/wp-json\/wp\/v2\/types\/post"}],"author":[{"embeddable":true,"href":"https:\/\/eldiariodesanpedro.com.ar\/sitio\/wp-json\/wp\/v2\/users\/4"}],"replies":[{"embeddable":true,"href":"https:\/\/eldiariodesanpedro.com.ar\/sitio\/wp-json\/wp\/v2\/comments?post=91866"}],"version-history":[{"count":1,"href":"https:\/\/eldiariodesanpedro.com.ar\/sitio\/wp-json\/wp\/v2\/posts\/91866\/revisions"}],"predecessor-version":[{"id":91867,"href":"https:\/\/eldiariodesanpedro.com.ar\/sitio\/wp-json\/wp\/v2\/posts\/91866\/revisions\/91867"}],"wp:featuredmedia":[{"embeddable":true,"href":"https:\/\/eldiariodesanpedro.com.ar\/sitio\/wp-json\/wp\/v2\/media\/91862"}],"wp:attachment":[{"href":"https:\/\/eldiariodesanpedro.com.ar\/sitio\/wp-json\/wp\/v2\/media?parent=91866"}],"wp:term":[{"taxonomy":"category","embeddable":true,"href":"https:\/\/eldiariodesanpedro.com.ar\/sitio\/wp-json\/wp\/v2\/categories?post=91866"},{"taxonomy":"post_tag","embeddable":true,"href":"https:\/\/eldiariodesanpedro.com.ar\/sitio\/wp-json\/wp\/v2\/tags?post=91866"}],"curies":[{"name":"wp","href":"https:\/\/api.w.org\/{rel}","templated":true}]}}