{"id":91854,"date":"2021-05-02T20:41:49","date_gmt":"2021-05-02T23:41:49","guid":{"rendered":"https:\/\/eldiariodesanpedro.com.ar\/sitio\/?p=91854"},"modified":"2021-05-02T20:41:53","modified_gmt":"2021-05-02T23:41:53","slug":"el-museo-paleontologico-difunde-un-documento-en-el-que-se-trata-la-liberacion-de-una-esclava-en-san-pedro-en-1833","status":"publish","type":"post","link":"https:\/\/eldiariodesanpedro.com.ar\/sitio\/el-museo-paleontologico-difunde-un-documento-en-el-que-se-trata-la-liberacion-de-una-esclava-en-san-pedro-en-1833\/","title":{"rendered":"El Museo Paleontol\u00f3gico difunde un documento en el que se trata la liberaci\u00f3n de una esclava en San Pedro, en 1833"},"content":{"rendered":"<!-- VideographyWP Plugin Message: Automatic video embedding prevented by plugin options. -->\n\n<p>A 168 a\u00f1os de la abolici\u00f3n de la esclavitud en nuestro pa\u00eds, este documento revela una faceta poco conocida en nuestra ciudad.<\/p>\n\n\n\n<p>El documento consta de dos partes, fechadas el 16 y el 17 de abril de 1833, en nuestra ciudad.<\/p>\n\n\n\n<p>Con la caligraf\u00eda usual en la \u00e9poca, comienza el d\u00eda 16 diciendo: \u201cHe recibido de mano de Don Manuel Chac\u00f3n un espediente comprendido en dos fojas \u00fatiles en el que est\u00e1 agregada una escritura de benta y traspaso de la criada Mar\u00eda Agustina, otorgada por Don Ram\u00f3n Mart\u00ednes, la que debo devolver al Juzgado de Primera Instancia, acompa\u00f1ando el informe que en dicho expediente se me ordena\u201d.<\/p>\n\n\n\n<p>El escrito contin\u00faa el 17 donde el Juez de Paz del momento comenta ciertas desavenencias del caso y explica \u201cque Lorenzo Cac\u00e9res marido de dicha esclava Agustina, se present\u00f3 ante este Juzgado solicitando la libertad de su esposa, en consecuencia se cit\u00f3 al amo y se le hizo la propuesta. M\u00e1s como \u00e9l exigiese por la libertad de su esclava, la cantidad en que le hab\u00eda comprado once o doce a\u00f1os antes que son docientos ochenta pesos met\u00e1licos, se le propuso que se nombrar\u00edan dos tasadores peritos\u2026\u201d, propuesta rechazada por el Sr. Chac\u00f3n.<\/p>\n\n\n\n<p>A partir de este punto el documento expresa la paralizaci\u00f3n de las negociaciones y la suspensi\u00f3n de toda decisi\u00f3n por parte de la justicia del momento.<\/p>\n\n\n\n<p>El caso se consult\u00f3 con el Juzgado de Primera Instancia, a cargo del Dr. Roque S\u00e1enz Pe\u00f1a, a quien se expresa \u201cEl que firma remite a Ud. el espediente con 3 fojas \u00fatiles, la informaci\u00f3n legal que es la misma que adjunto a Ud. de la que procedi\u00f3, en el caso de la esclava, Don Manuel Chac\u00f3n con mucha ligeresa, no dando lugar el juzgado a una supuesta solicitud\u2026\u201d<\/p>\n\n\n\n<p>De acuerdo al documento analizado por el Grupo Conservacionista, el caso qued\u00f3 irresuelto y se desconoce c\u00f3mo continu\u00f3 la vida de aquellas personas. Veinte a\u00f1os despu\u00e9s, con la sanci\u00f3n de la Constituci\u00f3n Nacional de 1853, la esclavitud qued\u00f3 abolida en todo el territorio de la Rep\u00fablica Argentina. Desde aquel momento, el 1\u00ba de mayo se conmemora esta decisi\u00f3n, por lo que el equipo del Museo consider\u00f3 oportuno difundir este documento hist\u00f3rico que conserva nuestra ciudad.<\/p>\n\n\n\n<p>En su Art\u00edculo 15, expresa que \u201cEn la Naci\u00f3n Argentina no hay esclavos: Los pocos que hoy existen quedan libres desde la jura de esta Constituci\u00f3n; y una ley especial reglar\u00e1 las indemnizaciones a que d\u00e9 lugar esta declaraci\u00f3n. Todo contrato de compra y venta de personas es un crimen de que ser\u00e1n responsables los que lo celebrasen, y el escribano o funcionario que lo autorice. Y los esclavos que de cualquier modo se introduzcan quedan libres por el solo hecho de pisar el territorio de la Rep\u00fablica.\u201d<\/p>\n\n\n\n<figure class=\"wp-block-image size-large\"><img decoding=\"async\" width=\"724\" height=\"1024\" data-attachment-id=\"91857\" data-permalink=\"https:\/\/eldiariodesanpedro.com.ar\/sitio\/el-museo-paleontologico-difunde-un-documento-en-el-que-se-trata-la-liberacion-de-una-esclava-en-san-pedro-en-1833\/1833-10-3b\/\" data-orig-file=\"https:\/\/eldiariodesanpedro.com.ar\/sitio\/wp-content\/uploads\/2021\/05\/1833-10-3B.jpg\" data-orig-size=\"1654,2338\" data-comments-opened=\"1\" data-image-meta=\"{&quot;aperture&quot;:&quot;0&quot;,&quot;credit&quot;:&quot;&quot;,&quot;camera&quot;:&quot;&quot;,&quot;caption&quot;:&quot;&quot;,&quot;created_timestamp&quot;:&quot;0&quot;,&quot;copyright&quot;:&quot;&quot;,&quot;focal_length&quot;:&quot;0&quot;,&quot;iso&quot;:&quot;0&quot;,&quot;shutter_speed&quot;:&quot;0&quot;,&quot;title&quot;:&quot;&quot;,&quot;orientation&quot;:&quot;0&quot;}\" data-image-title=\"1833-10-3B\" data-image-description=\"\" data-image-caption=\"\" data-large-file=\"https:\/\/eldiariodesanpedro.com.ar\/sitio\/wp-content\/uploads\/2021\/05\/1833-10-3B-724x1024.jpg\" data-src=\"https:\/\/eldiariodesanpedro.com.ar\/sitio\/wp-content\/uploads\/2021\/05\/1833-10-3B-724x1024.jpg\" alt=\"\" class=\"wp-image-91857 lazyload\" data-srcset=\"https:\/\/eldiariodesanpedro.com.ar\/sitio\/wp-content\/uploads\/2021\/05\/1833-10-3B-724x1024.jpg 724w, https:\/\/eldiariodesanpedro.com.ar\/sitio\/wp-content\/uploads\/2021\/05\/1833-10-3B-212x300.jpg 212w, https:\/\/eldiariodesanpedro.com.ar\/sitio\/wp-content\/uploads\/2021\/05\/1833-10-3B-768x1086.jpg 768w, https:\/\/eldiariodesanpedro.com.ar\/sitio\/wp-content\/uploads\/2021\/05\/1833-10-3B-1087x1536.jpg 1087w, https:\/\/eldiariodesanpedro.com.ar\/sitio\/wp-content\/uploads\/2021\/05\/1833-10-3B-1449x2048.jpg 1449w, https:\/\/eldiariodesanpedro.com.ar\/sitio\/wp-content\/uploads\/2021\/05\/1833-10-3B.jpg 1654w\" data-sizes=\"(max-width: 724px) 100vw, 724px\" src=\"data:image\/svg+xml;base64,PHN2ZyB3aWR0aD0iMSIgaGVpZ2h0PSIxIiB4bWxucz0iaHR0cDovL3d3dy53My5vcmcvMjAwMC9zdmciPjwvc3ZnPg==\" style=\"--smush-placeholder-width: 724px; --smush-placeholder-aspect-ratio: 724\/1024;\" \/><\/figure>\n\n\n\n<figure class=\"wp-block-image size-large\"><img decoding=\"async\" width=\"724\" height=\"1024\" data-attachment-id=\"91856\" data-permalink=\"https:\/\/eldiariodesanpedro.com.ar\/sitio\/el-museo-paleontologico-difunde-un-documento-en-el-que-se-trata-la-liberacion-de-una-esclava-en-san-pedro-en-1833\/1833-10-3\/\" data-orig-file=\"https:\/\/eldiariodesanpedro.com.ar\/sitio\/wp-content\/uploads\/2021\/05\/1833-10-3.jpg\" data-orig-size=\"1654,2338\" data-comments-opened=\"1\" data-image-meta=\"{&quot;aperture&quot;:&quot;0&quot;,&quot;credit&quot;:&quot;&quot;,&quot;camera&quot;:&quot;&quot;,&quot;caption&quot;:&quot;&quot;,&quot;created_timestamp&quot;:&quot;0&quot;,&quot;copyright&quot;:&quot;&quot;,&quot;focal_length&quot;:&quot;0&quot;,&quot;iso&quot;:&quot;0&quot;,&quot;shutter_speed&quot;:&quot;0&quot;,&quot;title&quot;:&quot;&quot;,&quot;orientation&quot;:&quot;0&quot;}\" data-image-title=\"1833-10-3\" data-image-description=\"\" data-image-caption=\"\" data-large-file=\"https:\/\/eldiariodesanpedro.com.ar\/sitio\/wp-content\/uploads\/2021\/05\/1833-10-3-724x1024.jpg\" data-src=\"https:\/\/eldiariodesanpedro.com.ar\/sitio\/wp-content\/uploads\/2021\/05\/1833-10-3-724x1024.jpg\" alt=\"\" class=\"wp-image-91856 lazyload\" data-srcset=\"https:\/\/eldiariodesanpedro.com.ar\/sitio\/wp-content\/uploads\/2021\/05\/1833-10-3-724x1024.jpg 724w, https:\/\/eldiariodesanpedro.com.ar\/sitio\/wp-content\/uploads\/2021\/05\/1833-10-3-212x300.jpg 212w, https:\/\/eldiariodesanpedro.com.ar\/sitio\/wp-content\/uploads\/2021\/05\/1833-10-3-768x1086.jpg 768w, https:\/\/eldiariodesanpedro.com.ar\/sitio\/wp-content\/uploads\/2021\/05\/1833-10-3-1087x1536.jpg 1087w, https:\/\/eldiariodesanpedro.com.ar\/sitio\/wp-content\/uploads\/2021\/05\/1833-10-3-1449x2048.jpg 1449w, https:\/\/eldiariodesanpedro.com.ar\/sitio\/wp-content\/uploads\/2021\/05\/1833-10-3.jpg 1654w\" data-sizes=\"(max-width: 724px) 100vw, 724px\" src=\"data:image\/svg+xml;base64,PHN2ZyB3aWR0aD0iMSIgaGVpZ2h0PSIxIiB4bWxucz0iaHR0cDovL3d3dy53My5vcmcvMjAwMC9zdmciPjwvc3ZnPg==\" style=\"--smush-placeholder-width: 724px; --smush-placeholder-aspect-ratio: 724\/1024;\" \/><\/figure>\n","protected":false},"excerpt":{"rendered":"<p>A 168 a\u00f1os de la abolici\u00f3n de la esclavitud en nuestro pa\u00eds, este documento revela una faceta poco conocida en nuestra ciudad. El documento consta de dos partes, fechadas el 16 y el 17 de abril de 1833, en nuestra ciudad. Con la caligraf\u00eda usual en la \u00e9poca, comienza el d\u00eda 16 diciendo: \u201cHe recibido [&hellip;]<\/p>\n","protected":false},"author":4,"featured_media":91855,"comment_status":"open","ping_status":"closed","sticky":false,"template":"","format":"standard","meta":{"om_disable_all_campaigns":false,"_jetpack_memberships_contains_paid_content":false,"footnotes":""},"categories":[50,101,2],"tags":[],"class_list":["post-91854","post","type-post","status-publish","format-standard","has-post-thumbnail","hentry","category-destacadas","category-interes-general-locales","category-locales"],"aioseo_notices":[],"gutentor_comment":0,"jetpack_featured_media_url":"https:\/\/eldiariodesanpedro.com.ar\/sitio\/wp-content\/uploads\/2021\/05\/Sin-titulo-1.jpg","jetpack_shortlink":"https:\/\/wp.me\/p6RhLt-nTw","jetpack_sharing_enabled":true,"_links":{"self":[{"href":"https:\/\/eldiariodesanpedro.com.ar\/sitio\/wp-json\/wp\/v2\/posts\/91854","targetHints":{"allow":["GET"]}}],"collection":[{"href":"https:\/\/eldiariodesanpedro.com.ar\/sitio\/wp-json\/wp\/v2\/posts"}],"about":[{"href":"https:\/\/eldiariodesanpedro.com.ar\/sitio\/wp-json\/wp\/v2\/types\/post"}],"author":[{"embeddable":true,"href":"https:\/\/eldiariodesanpedro.com.ar\/sitio\/wp-json\/wp\/v2\/users\/4"}],"replies":[{"embeddable":true,"href":"https:\/\/eldiariodesanpedro.com.ar\/sitio\/wp-json\/wp\/v2\/comments?post=91854"}],"version-history":[{"count":1,"href":"https:\/\/eldiariodesanpedro.com.ar\/sitio\/wp-json\/wp\/v2\/posts\/91854\/revisions"}],"predecessor-version":[{"id":91858,"href":"https:\/\/eldiariodesanpedro.com.ar\/sitio\/wp-json\/wp\/v2\/posts\/91854\/revisions\/91858"}],"wp:featuredmedia":[{"embeddable":true,"href":"https:\/\/eldiariodesanpedro.com.ar\/sitio\/wp-json\/wp\/v2\/media\/91855"}],"wp:attachment":[{"href":"https:\/\/eldiariodesanpedro.com.ar\/sitio\/wp-json\/wp\/v2\/media?parent=91854"}],"wp:term":[{"taxonomy":"category","embeddable":true,"href":"https:\/\/eldiariodesanpedro.com.ar\/sitio\/wp-json\/wp\/v2\/categories?post=91854"},{"taxonomy":"post_tag","embeddable":true,"href":"https:\/\/eldiariodesanpedro.com.ar\/sitio\/wp-json\/wp\/v2\/tags?post=91854"}],"curies":[{"name":"wp","href":"https:\/\/api.w.org\/{rel}","templated":true}]}}