{"id":91849,"date":"2021-05-02T20:09:58","date_gmt":"2021-05-02T23:09:58","guid":{"rendered":"https:\/\/eldiariodesanpedro.com.ar\/sitio\/?p=91849"},"modified":"2021-05-02T20:10:01","modified_gmt":"2021-05-02T23:10:01","slug":"dos-aprehendidos-que-tenian-marihuana-de-infimo-pesaje","status":"publish","type":"post","link":"https:\/\/eldiariodesanpedro.com.ar\/sitio\/dos-aprehendidos-que-tenian-marihuana-de-infimo-pesaje\/","title":{"rendered":"Dos aprehendidos que ten\u00edan marihuana de \u00ednfimo pesaje"},"content":{"rendered":"<!-- VideographyWP Plugin Message: Automatic video embedding prevented by plugin options. -->\n\n<p>El d\u00eda de ayer, efectivos policiales de la dependencia, realiz\u00f3 dos procedimientos similares en diferentes puntos de la ciudad en los cu\u00e1les se traslad\u00f3 a sede policial a dos\u00a0masculinos mayores de edad a quienes se les secuestro en su poder sustancia marihuana \u00ednfimo pesaje. <\/p>\n\n\n\n<p>Se\u00a0 iniciaron actuaciones por el delito de referencia con la intervenci\u00f3n de la justicia local<\/p>\n","protected":false},"excerpt":{"rendered":"<p>El d\u00eda de ayer, efectivos policiales de la dependencia, realiz\u00f3 dos procedimientos similares en diferentes puntos de la ciudad en los cu\u00e1les se traslad\u00f3 a sede policial a dos\u00a0masculinos mayores de edad a quienes se les secuestro en su poder sustancia marihuana \u00ednfimo pesaje. Se\u00a0 iniciaron actuaciones por el delito de referencia con la intervenci\u00f3n [&hellip;]<\/p>\n","protected":false},"author":4,"featured_media":78774,"comment_status":"open","ping_status":"closed","sticky":false,"template":"","format":"standard","meta":{"om_disable_all_campaigns":false,"_jetpack_memberships_contains_paid_content":false,"footnotes":""},"categories":[2,103],"tags":[],"class_list":["post-91849","post","type-post","status-publish","format-standard","has-post-thumbnail","hentry","category-locales","category-policiales-locales"],"aioseo_notices":[],"gutentor_comment":0,"jetpack_featured_media_url":"https:\/\/eldiariodesanpedro.com.ar\/sitio\/wp-content\/uploads\/2020\/08\/Policia-de-noche-2014-695x510-1.jpg","jetpack_shortlink":"https:\/\/wp.me\/p6RhLt-nTr","jetpack_sharing_enabled":true,"_links":{"self":[{"href":"https:\/\/eldiariodesanpedro.com.ar\/sitio\/wp-json\/wp\/v2\/posts\/91849","targetHints":{"allow":["GET"]}}],"collection":[{"href":"https:\/\/eldiariodesanpedro.com.ar\/sitio\/wp-json\/wp\/v2\/posts"}],"about":[{"href":"https:\/\/eldiariodesanpedro.com.ar\/sitio\/wp-json\/wp\/v2\/types\/post"}],"author":[{"embeddable":true,"href":"https:\/\/eldiariodesanpedro.com.ar\/sitio\/wp-json\/wp\/v2\/users\/4"}],"replies":[{"embeddable":true,"href":"https:\/\/eldiariodesanpedro.com.ar\/sitio\/wp-json\/wp\/v2\/comments?post=91849"}],"version-history":[{"count":1,"href":"https:\/\/eldiariodesanpedro.com.ar\/sitio\/wp-json\/wp\/v2\/posts\/91849\/revisions"}],"predecessor-version":[{"id":91850,"href":"https:\/\/eldiariodesanpedro.com.ar\/sitio\/wp-json\/wp\/v2\/posts\/91849\/revisions\/91850"}],"wp:featuredmedia":[{"embeddable":true,"href":"https:\/\/eldiariodesanpedro.com.ar\/sitio\/wp-json\/wp\/v2\/media\/78774"}],"wp:attachment":[{"href":"https:\/\/eldiariodesanpedro.com.ar\/sitio\/wp-json\/wp\/v2\/media?parent=91849"}],"wp:term":[{"taxonomy":"category","embeddable":true,"href":"https:\/\/eldiariodesanpedro.com.ar\/sitio\/wp-json\/wp\/v2\/categories?post=91849"},{"taxonomy":"post_tag","embeddable":true,"href":"https:\/\/eldiariodesanpedro.com.ar\/sitio\/wp-json\/wp\/v2\/tags?post=91849"}],"curies":[{"name":"wp","href":"https:\/\/api.w.org\/{rel}","templated":true}]}}