{"id":91847,"date":"2021-05-02T20:06:38","date_gmt":"2021-05-02T23:06:38","guid":{"rendered":"https:\/\/eldiariodesanpedro.com.ar\/sitio\/?p=91847"},"modified":"2021-05-02T20:06:42","modified_gmt":"2021-05-02T23:06:42","slug":"una-mujer-fue-estafada-por-un-supuesto-comprador-de-automovil-que-le-vacio-las-cuentas-bancarias","status":"publish","type":"post","link":"https:\/\/eldiariodesanpedro.com.ar\/sitio\/una-mujer-fue-estafada-por-un-supuesto-comprador-de-automovil-que-le-vacio-las-cuentas-bancarias\/","title":{"rendered":"Una mujer fue estafada por un supuesto comprador de autom\u00f3vil que le vaci\u00f3 las cuentas bancarias"},"content":{"rendered":"<!-- VideographyWP Plugin Message: Automatic video embedding prevented by plugin options. -->\n\n<p>Un grave caso de estafa telef\u00f3nica ocurri\u00f3 el pasado s\u00e1bado en horas de la tarde cuando un delincuente vac\u00edo dos cuentas bancarias.&nbsp;<\/p>\n\n\n\n<p>El hecho fue denunciado ayer en horas de la noche por parte de una mujer de 59 a\u00f1os que seg\u00fan manifiesta en horas de la tarde recibi\u00f3 un llamado telef\u00f3nico por parte de un hombre interesado en adquirir un autom\u00f3vil que tiene para la venta, el delincuente enga\u00f1a a la ciudadana dici\u00e9ndole que le va a depositar a trav\u00e9s de un banco el monto del rodado por lo que solicit\u00f3 que se dirige a un cajero autom\u00e1tico para que realice ciertas operaciones en su cuenta bancaria y lo mismo con la cuenta de su esposo.<\/p>\n\n\n\n<p>Momentos m\u00e1s tarde la mujer descubre que el delincuente hab\u00eda vaciado ambas cuentas.<\/p>\n\n\n\n<p>La polic\u00eda investiga el hecho e interviene la justicia local.<\/p>\n","protected":false},"excerpt":{"rendered":"<p>Un grave caso de estafa telef\u00f3nica ocurri\u00f3 el pasado s\u00e1bado en horas de la tarde cuando un delincuente vac\u00edo dos cuentas bancarias.&nbsp; El hecho fue denunciado ayer en horas de la noche por parte de una mujer de 59 a\u00f1os que seg\u00fan manifiesta en horas de la tarde recibi\u00f3 un llamado telef\u00f3nico por parte de [&hellip;]<\/p>\n","protected":false},"author":4,"featured_media":45394,"comment_status":"open","ping_status":"closed","sticky":false,"template":"","format":"standard","meta":{"om_disable_all_campaigns":false,"_jetpack_memberships_contains_paid_content":false,"footnotes":""},"categories":[2,103],"tags":[],"class_list":["post-91847","post","type-post","status-publish","format-standard","has-post-thumbnail","hentry","category-locales","category-policiales-locales"],"aioseo_notices":[],"gutentor_comment":0,"jetpack_featured_media_url":"https:\/\/eldiariodesanpedro.com.ar\/sitio\/wp-content\/uploads\/2019\/01\/comisaria.jpg","jetpack_shortlink":"https:\/\/wp.me\/p6RhLt-nTp","jetpack_sharing_enabled":true,"_links":{"self":[{"href":"https:\/\/eldiariodesanpedro.com.ar\/sitio\/wp-json\/wp\/v2\/posts\/91847","targetHints":{"allow":["GET"]}}],"collection":[{"href":"https:\/\/eldiariodesanpedro.com.ar\/sitio\/wp-json\/wp\/v2\/posts"}],"about":[{"href":"https:\/\/eldiariodesanpedro.com.ar\/sitio\/wp-json\/wp\/v2\/types\/post"}],"author":[{"embeddable":true,"href":"https:\/\/eldiariodesanpedro.com.ar\/sitio\/wp-json\/wp\/v2\/users\/4"}],"replies":[{"embeddable":true,"href":"https:\/\/eldiariodesanpedro.com.ar\/sitio\/wp-json\/wp\/v2\/comments?post=91847"}],"version-history":[{"count":1,"href":"https:\/\/eldiariodesanpedro.com.ar\/sitio\/wp-json\/wp\/v2\/posts\/91847\/revisions"}],"predecessor-version":[{"id":91848,"href":"https:\/\/eldiariodesanpedro.com.ar\/sitio\/wp-json\/wp\/v2\/posts\/91847\/revisions\/91848"}],"wp:featuredmedia":[{"embeddable":true,"href":"https:\/\/eldiariodesanpedro.com.ar\/sitio\/wp-json\/wp\/v2\/media\/45394"}],"wp:attachment":[{"href":"https:\/\/eldiariodesanpedro.com.ar\/sitio\/wp-json\/wp\/v2\/media?parent=91847"}],"wp:term":[{"taxonomy":"category","embeddable":true,"href":"https:\/\/eldiariodesanpedro.com.ar\/sitio\/wp-json\/wp\/v2\/categories?post=91847"},{"taxonomy":"post_tag","embeddable":true,"href":"https:\/\/eldiariodesanpedro.com.ar\/sitio\/wp-json\/wp\/v2\/tags?post=91847"}],"curies":[{"name":"wp","href":"https:\/\/api.w.org\/{rel}","templated":true}]}}