{"id":91845,"date":"2021-05-02T20:05:10","date_gmt":"2021-05-02T23:05:10","guid":{"rendered":"https:\/\/eldiariodesanpedro.com.ar\/sitio\/?p=91845"},"modified":"2021-05-02T20:05:15","modified_gmt":"2021-05-02T23:05:15","slug":"un-joven-aprehendido-por-agredir-a-su-ex-pareja","status":"publish","type":"post","link":"https:\/\/eldiariodesanpedro.com.ar\/sitio\/un-joven-aprehendido-por-agredir-a-su-ex-pareja\/","title":{"rendered":"Un joven aprehendido por agredir a su ex pareja"},"content":{"rendered":"<!-- VideographyWP Plugin Message: Automatic video embedding prevented by plugin options. -->\n\n<p>En horas de la madrugada de hoy, el personal policial de la comisar\u00eda local procedi\u00f3 a la aprehensi\u00f3n de masculino de 30 a\u00f1os que se encontraba en una vivienda ubicada en Berutti al 200, quien agrede a su ex pareja una mujer de 29 a\u00f1os provocando lesiones leves.&nbsp;<\/p>\n\n\n\n<p>El agresor fue trasladado a la dependencia y la v\u00edctima acompa\u00f1ada a la comisar\u00eda de la Mujer y la Familia&nbsp; donde fue asistida psicol\u00f3gicamente y realiz\u00f3 la correspondiente denuncia.<\/p>\n","protected":false},"excerpt":{"rendered":"<p>En horas de la madrugada de hoy, el personal policial de la comisar\u00eda local procedi\u00f3 a la aprehensi\u00f3n de masculino de 30 a\u00f1os que se encontraba en una vivienda ubicada en Berutti al 200, quien agrede a su ex pareja una mujer de 29 a\u00f1os provocando lesiones leves.&nbsp; El agresor fue trasladado a la dependencia [&hellip;]<\/p>\n","protected":false},"author":4,"featured_media":77860,"comment_status":"open","ping_status":"closed","sticky":false,"template":"","format":"standard","meta":{"om_disable_all_campaigns":false,"_jetpack_memberships_contains_paid_content":false,"footnotes":""},"categories":[2,103],"tags":[],"class_list":["post-91845","post","type-post","status-publish","format-standard","has-post-thumbnail","hentry","category-locales","category-policiales-locales"],"aioseo_notices":[],"gutentor_comment":0,"jetpack_featured_media_url":"https:\/\/eldiariodesanpedro.com.ar\/sitio\/wp-content\/uploads\/2020\/07\/000085506.jpg","jetpack_shortlink":"https:\/\/wp.me\/p6RhLt-nTn","jetpack_sharing_enabled":true,"_links":{"self":[{"href":"https:\/\/eldiariodesanpedro.com.ar\/sitio\/wp-json\/wp\/v2\/posts\/91845","targetHints":{"allow":["GET"]}}],"collection":[{"href":"https:\/\/eldiariodesanpedro.com.ar\/sitio\/wp-json\/wp\/v2\/posts"}],"about":[{"href":"https:\/\/eldiariodesanpedro.com.ar\/sitio\/wp-json\/wp\/v2\/types\/post"}],"author":[{"embeddable":true,"href":"https:\/\/eldiariodesanpedro.com.ar\/sitio\/wp-json\/wp\/v2\/users\/4"}],"replies":[{"embeddable":true,"href":"https:\/\/eldiariodesanpedro.com.ar\/sitio\/wp-json\/wp\/v2\/comments?post=91845"}],"version-history":[{"count":1,"href":"https:\/\/eldiariodesanpedro.com.ar\/sitio\/wp-json\/wp\/v2\/posts\/91845\/revisions"}],"predecessor-version":[{"id":91846,"href":"https:\/\/eldiariodesanpedro.com.ar\/sitio\/wp-json\/wp\/v2\/posts\/91845\/revisions\/91846"}],"wp:featuredmedia":[{"embeddable":true,"href":"https:\/\/eldiariodesanpedro.com.ar\/sitio\/wp-json\/wp\/v2\/media\/77860"}],"wp:attachment":[{"href":"https:\/\/eldiariodesanpedro.com.ar\/sitio\/wp-json\/wp\/v2\/media?parent=91845"}],"wp:term":[{"taxonomy":"category","embeddable":true,"href":"https:\/\/eldiariodesanpedro.com.ar\/sitio\/wp-json\/wp\/v2\/categories?post=91845"},{"taxonomy":"post_tag","embeddable":true,"href":"https:\/\/eldiariodesanpedro.com.ar\/sitio\/wp-json\/wp\/v2\/tags?post=91845"}],"curies":[{"name":"wp","href":"https:\/\/api.w.org\/{rel}","templated":true}]}}