{"id":91828,"date":"2021-05-02T19:26:16","date_gmt":"2021-05-02T22:26:16","guid":{"rendered":"https:\/\/eldiariodesanpedro.com.ar\/sitio\/?p=91828"},"modified":"2021-05-02T19:26:20","modified_gmt":"2021-05-02T22:26:20","slug":"proyectan-un-viaducto-sobre-el-paso-a-nivel-de-la-calle-mitre","status":"publish","type":"post","link":"https:\/\/eldiariodesanpedro.com.ar\/sitio\/proyectan-un-viaducto-sobre-el-paso-a-nivel-de-la-calle-mitre\/","title":{"rendered":"Proyectan un viaducto sobre el paso a nivel de la calle Mitre"},"content":{"rendered":"<!-- VideographyWP Plugin Message: Automatic video embedding prevented by plugin options. -->\n\n<p>Comenzaron a efectuarse las evaluaciones previas a la aprobaci\u00f3n de una imponente obra sobre uno de los accesos a la ciudad.<\/p>\n\n\n\n<p>Uno de los reclamos que se escuchan desde hace tiempo es el estado en que se encuentra el \u00fanico paso a nivel con que cuenta la ciudad. Hace unos d\u00edas, el Secretario de Obras P\u00fablicas, el Dr. Javier Silva, admiti\u00f3 en el aire de FM G\u00e9nesis que hab\u00eda intensiones del Intendente Municipal de concretar un ambicioso proyecto para mejorar a la ingreso a San Pedro por la Ruta 191.<\/p>\n\n\n\n<p>Fue as\u00ed como en forma de adelanto explic\u00f3 en que consiste la obra y qu\u00e9 fue lo que se present\u00f3 en el Ministerio para poder lograr que se pueda construir un ingreso subterr\u00e1neo sobre el empalme entre la Ruta 191 y la calle Mitre. &nbsp;<\/p>\n\n\n\n<p>\u201cEstamos manejando muchos proyectos en base a las necesidades que tiene San Pedro y estamos proyectando obras con problemas existentes y otros que pueden llegar a venir\u201d, sostuvo el Dr. Javier Silva.<\/p>\n\n\n\n<p>Sobre la posibilidad de que se concrete la obra del viaducto por debajo de la v\u00eda del ferrocarril en el principal paso a nivel de la ciudad sobre la calle Mitre, el funcionario explic\u00f3: \u201cEstamos en etapa de pre proyecto, viendo si es posible la ejecuci\u00f3n de esta obra, que es de una ingenier\u00eda importante y llevar\u00e1 mucho tiempo de ejecuci\u00f3n, por eso planeamos abrir el otro paso a nivel, el de la calle Basabilbaso, el que da a la escuela 10 y que coincide con el pedido de los vecinos y con lo que el intendente ven\u00eda planeando\u201d.<\/p>\n\n\n\n<p>\u201cEs una obra gestionada por el intendente a trav\u00e9s del Ministerio de Transporte y estamos viendo la factibilidad de la concreci\u00f3n para avanzar en el proyecto\u201d, destac\u00f3 Silva.<\/p>\n\n\n\n<p>\u201cLa obra se emplaza sobre la calle Mitre y 191, frente a la f\u00e1brica Arcor\u201d. \u201cD\u00edas atr\u00e1s ya hubo t\u00e9cnicos tomando medidas y a partir de ah\u00ed vamos a ver que nos dicen\u201d.<\/p>\n\n\n\n<p>Fuente: San Pedro Informa<\/p>\n","protected":false},"excerpt":{"rendered":"<p>Comenzaron a efectuarse las evaluaciones previas a la aprobaci\u00f3n de una imponente obra sobre uno de los accesos a la ciudad. Uno de los reclamos que se escuchan desde hace tiempo es el estado en que se encuentra el \u00fanico paso a nivel con que cuenta la ciudad. Hace unos d\u00edas, el Secretario de Obras [&hellip;]<\/p>\n","protected":false},"author":4,"featured_media":91829,"comment_status":"open","ping_status":"closed","sticky":false,"template":"","format":"standard","meta":{"om_disable_all_campaigns":false,"_jetpack_memberships_contains_paid_content":false,"footnotes":""},"categories":[50,101,2],"tags":[],"class_list":["post-91828","post","type-post","status-publish","format-standard","has-post-thumbnail","hentry","category-destacadas","category-interes-general-locales","category-locales"],"aioseo_notices":[],"gutentor_comment":0,"jetpack_featured_media_url":"https:\/\/eldiariodesanpedro.com.ar\/sitio\/wp-content\/uploads\/2021\/05\/000091203.jpg","jetpack_shortlink":"https:\/\/wp.me\/p6RhLt-nT6","jetpack_sharing_enabled":true,"_links":{"self":[{"href":"https:\/\/eldiariodesanpedro.com.ar\/sitio\/wp-json\/wp\/v2\/posts\/91828","targetHints":{"allow":["GET"]}}],"collection":[{"href":"https:\/\/eldiariodesanpedro.com.ar\/sitio\/wp-json\/wp\/v2\/posts"}],"about":[{"href":"https:\/\/eldiariodesanpedro.com.ar\/sitio\/wp-json\/wp\/v2\/types\/post"}],"author":[{"embeddable":true,"href":"https:\/\/eldiariodesanpedro.com.ar\/sitio\/wp-json\/wp\/v2\/users\/4"}],"replies":[{"embeddable":true,"href":"https:\/\/eldiariodesanpedro.com.ar\/sitio\/wp-json\/wp\/v2\/comments?post=91828"}],"version-history":[{"count":1,"href":"https:\/\/eldiariodesanpedro.com.ar\/sitio\/wp-json\/wp\/v2\/posts\/91828\/revisions"}],"predecessor-version":[{"id":91830,"href":"https:\/\/eldiariodesanpedro.com.ar\/sitio\/wp-json\/wp\/v2\/posts\/91828\/revisions\/91830"}],"wp:featuredmedia":[{"embeddable":true,"href":"https:\/\/eldiariodesanpedro.com.ar\/sitio\/wp-json\/wp\/v2\/media\/91829"}],"wp:attachment":[{"href":"https:\/\/eldiariodesanpedro.com.ar\/sitio\/wp-json\/wp\/v2\/media?parent=91828"}],"wp:term":[{"taxonomy":"category","embeddable":true,"href":"https:\/\/eldiariodesanpedro.com.ar\/sitio\/wp-json\/wp\/v2\/categories?post=91828"},{"taxonomy":"post_tag","embeddable":true,"href":"https:\/\/eldiariodesanpedro.com.ar\/sitio\/wp-json\/wp\/v2\/tags?post=91828"}],"curies":[{"name":"wp","href":"https:\/\/api.w.org\/{rel}","templated":true}]}}