{"id":91825,"date":"2021-05-01T19:58:49","date_gmt":"2021-05-01T22:58:49","guid":{"rendered":"https:\/\/eldiariodesanpedro.com.ar\/sitio\/?p=91825"},"modified":"2021-05-01T19:58:55","modified_gmt":"2021-05-01T22:58:55","slug":"voltearon-a-una-mujer-de-la-moto-para-robarle","status":"publish","type":"post","link":"https:\/\/eldiariodesanpedro.com.ar\/sitio\/voltearon-a-una-mujer-de-la-moto-para-robarle\/","title":{"rendered":"Voltearon a una mujer de la moto para robarle"},"content":{"rendered":"<!-- VideographyWP Plugin Message: Automatic video embedding prevented by plugin options. -->\n\n<p>En la noche de ayer viernes se recibi\u00f3 la denuncia de una mujer que fue volteada de la motocicleta para robarles sus pertenencias.<\/p>\n\n\n\n<p>Una ciudadana de 46 a\u00f1os de edad realiz\u00f3 la denuncia donde manifest\u00f3 que en el momentos que se dirig\u00eda a bordo de su motocicleta por calle Saavedra en la zona de la baja de Ch\u00e1vez , es abordada por dos masculinos quienes le arrebatan bolso con documentaci\u00f3n y dinero en efectivo.<\/p>\n\n\n\n<p>Producto del hecho cay\u00f3 al piso, sufriendo lesiones leves.<\/p>\n","protected":false},"excerpt":{"rendered":"<p>En la noche de ayer viernes se recibi\u00f3 la denuncia de una mujer que fue volteada de la motocicleta para robarles sus pertenencias. Una ciudadana de 46 a\u00f1os de edad realiz\u00f3 la denuncia donde manifest\u00f3 que en el momentos que se dirig\u00eda a bordo de su motocicleta por calle Saavedra en la zona de la [&hellip;]<\/p>\n","protected":false},"author":4,"featured_media":78843,"comment_status":"open","ping_status":"closed","sticky":false,"template":"","format":"standard","meta":{"om_disable_all_campaigns":false,"_jetpack_memberships_contains_paid_content":false,"footnotes":""},"categories":[2,103],"tags":[],"class_list":["post-91825","post","type-post","status-publish","format-standard","has-post-thumbnail","hentry","category-locales","category-policiales-locales"],"aioseo_notices":[],"gutentor_comment":0,"jetpack_featured_media_url":"https:\/\/eldiariodesanpedro.com.ar\/sitio\/wp-content\/uploads\/2020\/08\/0.jpg","jetpack_shortlink":"https:\/\/wp.me\/p6RhLt-nT3","jetpack_sharing_enabled":true,"_links":{"self":[{"href":"https:\/\/eldiariodesanpedro.com.ar\/sitio\/wp-json\/wp\/v2\/posts\/91825","targetHints":{"allow":["GET"]}}],"collection":[{"href":"https:\/\/eldiariodesanpedro.com.ar\/sitio\/wp-json\/wp\/v2\/posts"}],"about":[{"href":"https:\/\/eldiariodesanpedro.com.ar\/sitio\/wp-json\/wp\/v2\/types\/post"}],"author":[{"embeddable":true,"href":"https:\/\/eldiariodesanpedro.com.ar\/sitio\/wp-json\/wp\/v2\/users\/4"}],"replies":[{"embeddable":true,"href":"https:\/\/eldiariodesanpedro.com.ar\/sitio\/wp-json\/wp\/v2\/comments?post=91825"}],"version-history":[{"count":1,"href":"https:\/\/eldiariodesanpedro.com.ar\/sitio\/wp-json\/wp\/v2\/posts\/91825\/revisions"}],"predecessor-version":[{"id":91826,"href":"https:\/\/eldiariodesanpedro.com.ar\/sitio\/wp-json\/wp\/v2\/posts\/91825\/revisions\/91826"}],"wp:featuredmedia":[{"embeddable":true,"href":"https:\/\/eldiariodesanpedro.com.ar\/sitio\/wp-json\/wp\/v2\/media\/78843"}],"wp:attachment":[{"href":"https:\/\/eldiariodesanpedro.com.ar\/sitio\/wp-json\/wp\/v2\/media?parent=91825"}],"wp:term":[{"taxonomy":"category","embeddable":true,"href":"https:\/\/eldiariodesanpedro.com.ar\/sitio\/wp-json\/wp\/v2\/categories?post=91825"},{"taxonomy":"post_tag","embeddable":true,"href":"https:\/\/eldiariodesanpedro.com.ar\/sitio\/wp-json\/wp\/v2\/tags?post=91825"}],"curies":[{"name":"wp","href":"https:\/\/api.w.org\/{rel}","templated":true}]}}