{"id":91816,"date":"2021-05-01T19:12:18","date_gmt":"2021-05-01T22:12:18","guid":{"rendered":"https:\/\/eldiariodesanpedro.com.ar\/sitio\/?p=91816"},"modified":"2021-05-01T19:12:22","modified_gmt":"2021-05-01T22:12:22","slug":"se-secuestraron-plasticos-de-una-motocicleta-que-fue-robada-dias-atras","status":"publish","type":"post","link":"https:\/\/eldiariodesanpedro.com.ar\/sitio\/se-secuestraron-plasticos-de-una-motocicleta-que-fue-robada-dias-atras\/","title":{"rendered":"Se secuestraron pl\u00e1sticos de una motocicleta que fue robada d\u00edas atr\u00e1s"},"content":{"rendered":"<!-- VideographyWP Plugin Message: Automatic video embedding prevented by plugin options. -->\n\n<p>En la tarde noche de ayer el personal policial alertado en 25 de Mayo y Ayacucho, procede a la demora de una mujer de 37 a\u00f1os de edad, quien se movilizaba en motocicleta del tipo 110cc de una marca determinada, con todos los accesorios y pl\u00e1sticos de motocicleta de otra marca.&nbsp;<\/p>\n\n\n\n<p>La polic\u00eda fue alertada por otra mujer mayor de edad, que denunciara hace diez d\u00edas la sustracci\u00f3n de su motocicleta, y reconoc\u00eda los pl\u00e1sticos. Se procedi\u00f3 al secuestro de la motocicleta en cuesti\u00f3n, quedando imputada la mujer tenedora del delito de encubrimiento. Se prosiguen las tareas investigativas. UFI N\u00b0 5 San Pedro.-<\/p>\n","protected":false},"excerpt":{"rendered":"<p>En la tarde noche de ayer el personal policial alertado en 25 de Mayo y Ayacucho, procede a la demora de una mujer de 37 a\u00f1os de edad, quien se movilizaba en motocicleta del tipo 110cc de una marca determinada, con todos los accesorios y pl\u00e1sticos de motocicleta de otra marca.&nbsp; La polic\u00eda fue alertada [&hellip;]<\/p>\n","protected":false},"author":4,"featured_media":91817,"comment_status":"open","ping_status":"closed","sticky":false,"template":"","format":"standard","meta":{"om_disable_all_campaigns":false,"_jetpack_memberships_contains_paid_content":false,"footnotes":""},"categories":[2,103],"tags":[],"class_list":["post-91816","post","type-post","status-publish","format-standard","has-post-thumbnail","hentry","category-locales","category-policiales-locales"],"aioseo_notices":[],"gutentor_comment":0,"jetpack_featured_media_url":"https:\/\/eldiariodesanpedro.com.ar\/sitio\/wp-content\/uploads\/2021\/05\/WhatsApp-Image-2021-05-01-at-13.05.22-1.jpeg","jetpack_shortlink":"https:\/\/wp.me\/p6RhLt-nSU","jetpack_sharing_enabled":true,"_links":{"self":[{"href":"https:\/\/eldiariodesanpedro.com.ar\/sitio\/wp-json\/wp\/v2\/posts\/91816","targetHints":{"allow":["GET"]}}],"collection":[{"href":"https:\/\/eldiariodesanpedro.com.ar\/sitio\/wp-json\/wp\/v2\/posts"}],"about":[{"href":"https:\/\/eldiariodesanpedro.com.ar\/sitio\/wp-json\/wp\/v2\/types\/post"}],"author":[{"embeddable":true,"href":"https:\/\/eldiariodesanpedro.com.ar\/sitio\/wp-json\/wp\/v2\/users\/4"}],"replies":[{"embeddable":true,"href":"https:\/\/eldiariodesanpedro.com.ar\/sitio\/wp-json\/wp\/v2\/comments?post=91816"}],"version-history":[{"count":1,"href":"https:\/\/eldiariodesanpedro.com.ar\/sitio\/wp-json\/wp\/v2\/posts\/91816\/revisions"}],"predecessor-version":[{"id":91818,"href":"https:\/\/eldiariodesanpedro.com.ar\/sitio\/wp-json\/wp\/v2\/posts\/91816\/revisions\/91818"}],"wp:featuredmedia":[{"embeddable":true,"href":"https:\/\/eldiariodesanpedro.com.ar\/sitio\/wp-json\/wp\/v2\/media\/91817"}],"wp:attachment":[{"href":"https:\/\/eldiariodesanpedro.com.ar\/sitio\/wp-json\/wp\/v2\/media?parent=91816"}],"wp:term":[{"taxonomy":"category","embeddable":true,"href":"https:\/\/eldiariodesanpedro.com.ar\/sitio\/wp-json\/wp\/v2\/categories?post=91816"},{"taxonomy":"post_tag","embeddable":true,"href":"https:\/\/eldiariodesanpedro.com.ar\/sitio\/wp-json\/wp\/v2\/tags?post=91816"}],"curies":[{"name":"wp","href":"https:\/\/api.w.org\/{rel}","templated":true}]}}