{"id":91812,"date":"2021-05-01T19:03:53","date_gmt":"2021-05-01T22:03:53","guid":{"rendered":"https:\/\/eldiariodesanpedro.com.ar\/sitio\/?p=91812"},"modified":"2021-05-01T19:03:56","modified_gmt":"2021-05-01T22:03:56","slug":"un-joven-aprehendido-con-un-frasco-repleto-de-marihuana","status":"publish","type":"post","link":"https:\/\/eldiariodesanpedro.com.ar\/sitio\/un-joven-aprehendido-con-un-frasco-repleto-de-marihuana\/","title":{"rendered":"Un joven aprehendido con un frasco repleto de marihuana"},"content":{"rendered":"<!-- VideographyWP Plugin Message: Automatic video embedding prevented by plugin options. -->\n\n<p>Seg\u00fan inform\u00f3 el parte policial del d\u00eda de hoy un joven fue aprehendido por tenencia ilegal de estupefacientes.<\/p>\n\n\n\n<p>En los primeros minutos de hoy, el personal policial se hace presente en calle San Mart\u00edn y Entre R\u00edos de la vecina localidad de Gobernador Castro, donde se intercept\u00f3 un autom\u00f3vil que funciona como remis, en el cual viajaba como pasajero un masculino de 18 a\u00f1os de edad, oriundo del lugar, el cual ten\u00eda en su poder un frasco de vidrio con poco m\u00e1s de 64 gramos de sustancia marihuana.&nbsp;<\/p>\n\n\n\n<p>Se procedi\u00f3 a la aprehensi\u00f3n del pasajero, y permanece alojado en sede policial imputado del delito de infracci\u00f3n a la Ley 23737.&nbsp;<\/p>\n\n\n\n<p>Interviene la fiscal\u00eda local en turno.<\/p>\n\n\n\n<figure class=\"wp-block-image size-large\"><img decoding=\"async\" width=\"1024\" height=\"936\" data-attachment-id=\"91813\" data-permalink=\"https:\/\/eldiariodesanpedro.com.ar\/sitio\/un-joven-aprehendido-con-un-frasco-repleto-de-marihuana\/whatsapp-image-2021-05-01-at-13-05-27\/\" data-orig-file=\"https:\/\/eldiariodesanpedro.com.ar\/sitio\/wp-content\/uploads\/2021\/05\/WhatsApp-Image-2021-05-01-at-13.05.27.jpeg\" data-orig-size=\"1280,1170\" data-comments-opened=\"1\" data-image-meta=\"{&quot;aperture&quot;:&quot;0&quot;,&quot;credit&quot;:&quot;&quot;,&quot;camera&quot;:&quot;&quot;,&quot;caption&quot;:&quot;&quot;,&quot;created_timestamp&quot;:&quot;0&quot;,&quot;copyright&quot;:&quot;&quot;,&quot;focal_length&quot;:&quot;0&quot;,&quot;iso&quot;:&quot;0&quot;,&quot;shutter_speed&quot;:&quot;0&quot;,&quot;title&quot;:&quot;&quot;,&quot;orientation&quot;:&quot;0&quot;}\" data-image-title=\"WhatsApp Image 2021-05-01 at 13.05.27\" data-image-description=\"\" data-image-caption=\"\" data-large-file=\"https:\/\/eldiariodesanpedro.com.ar\/sitio\/wp-content\/uploads\/2021\/05\/WhatsApp-Image-2021-05-01-at-13.05.27-1024x936.jpeg\" data-src=\"https:\/\/eldiariodesanpedro.com.ar\/sitio\/wp-content\/uploads\/2021\/05\/WhatsApp-Image-2021-05-01-at-13.05.27-1024x936.jpeg\" alt=\"\" class=\"wp-image-91813 lazyload\" data-srcset=\"https:\/\/eldiariodesanpedro.com.ar\/sitio\/wp-content\/uploads\/2021\/05\/WhatsApp-Image-2021-05-01-at-13.05.27-1024x936.jpeg 1024w, https:\/\/eldiariodesanpedro.com.ar\/sitio\/wp-content\/uploads\/2021\/05\/WhatsApp-Image-2021-05-01-at-13.05.27-300x274.jpeg 300w, https:\/\/eldiariodesanpedro.com.ar\/sitio\/wp-content\/uploads\/2021\/05\/WhatsApp-Image-2021-05-01-at-13.05.27-768x702.jpeg 768w, https:\/\/eldiariodesanpedro.com.ar\/sitio\/wp-content\/uploads\/2021\/05\/WhatsApp-Image-2021-05-01-at-13.05.27.jpeg 1280w\" data-sizes=\"(max-width: 1024px) 100vw, 1024px\" src=\"data:image\/svg+xml;base64,PHN2ZyB3aWR0aD0iMSIgaGVpZ2h0PSIxIiB4bWxucz0iaHR0cDovL3d3dy53My5vcmcvMjAwMC9zdmciPjwvc3ZnPg==\" style=\"--smush-placeholder-width: 1024px; --smush-placeholder-aspect-ratio: 1024\/936;\" \/><\/figure>\n","protected":false},"excerpt":{"rendered":"<p>Seg\u00fan inform\u00f3 el parte policial del d\u00eda de hoy un joven fue aprehendido por tenencia ilegal de estupefacientes. En los primeros minutos de hoy, el personal policial se hace presente en calle San Mart\u00edn y Entre R\u00edos de la vecina localidad de Gobernador Castro, donde se intercept\u00f3 un autom\u00f3vil que funciona como remis, en el [&hellip;]<\/p>\n","protected":false},"author":4,"featured_media":91814,"comment_status":"open","ping_status":"closed","sticky":false,"template":"","format":"standard","meta":{"om_disable_all_campaigns":false,"_jetpack_memberships_contains_paid_content":false,"footnotes":""},"categories":[2,103],"tags":[],"class_list":["post-91812","post","type-post","status-publish","format-standard","has-post-thumbnail","hentry","category-locales","category-policiales-locales"],"aioseo_notices":[],"gutentor_comment":0,"jetpack_featured_media_url":"https:\/\/eldiariodesanpedro.com.ar\/sitio\/wp-content\/uploads\/2021\/05\/WhatsApp-Image-2021-05-01-at-13.05.28.jpeg","jetpack_shortlink":"https:\/\/wp.me\/p6RhLt-nSQ","jetpack_sharing_enabled":true,"_links":{"self":[{"href":"https:\/\/eldiariodesanpedro.com.ar\/sitio\/wp-json\/wp\/v2\/posts\/91812","targetHints":{"allow":["GET"]}}],"collection":[{"href":"https:\/\/eldiariodesanpedro.com.ar\/sitio\/wp-json\/wp\/v2\/posts"}],"about":[{"href":"https:\/\/eldiariodesanpedro.com.ar\/sitio\/wp-json\/wp\/v2\/types\/post"}],"author":[{"embeddable":true,"href":"https:\/\/eldiariodesanpedro.com.ar\/sitio\/wp-json\/wp\/v2\/users\/4"}],"replies":[{"embeddable":true,"href":"https:\/\/eldiariodesanpedro.com.ar\/sitio\/wp-json\/wp\/v2\/comments?post=91812"}],"version-history":[{"count":1,"href":"https:\/\/eldiariodesanpedro.com.ar\/sitio\/wp-json\/wp\/v2\/posts\/91812\/revisions"}],"predecessor-version":[{"id":91815,"href":"https:\/\/eldiariodesanpedro.com.ar\/sitio\/wp-json\/wp\/v2\/posts\/91812\/revisions\/91815"}],"wp:featuredmedia":[{"embeddable":true,"href":"https:\/\/eldiariodesanpedro.com.ar\/sitio\/wp-json\/wp\/v2\/media\/91814"}],"wp:attachment":[{"href":"https:\/\/eldiariodesanpedro.com.ar\/sitio\/wp-json\/wp\/v2\/media?parent=91812"}],"wp:term":[{"taxonomy":"category","embeddable":true,"href":"https:\/\/eldiariodesanpedro.com.ar\/sitio\/wp-json\/wp\/v2\/categories?post=91812"},{"taxonomy":"post_tag","embeddable":true,"href":"https:\/\/eldiariodesanpedro.com.ar\/sitio\/wp-json\/wp\/v2\/tags?post=91812"}],"curies":[{"name":"wp","href":"https:\/\/api.w.org\/{rel}","templated":true}]}}