{"id":91793,"date":"2021-05-01T18:46:47","date_gmt":"2021-05-01T21:46:47","guid":{"rendered":"https:\/\/eldiariodesanpedro.com.ar\/sitio\/?p=91793"},"modified":"2021-05-01T18:46:51","modified_gmt":"2021-05-01T21:46:51","slug":"quedaron-habilitadas-las-nuevas-instalaciones-del-sanatorio-coopser","status":"publish","type":"post","link":"https:\/\/eldiariodesanpedro.com.ar\/sitio\/quedaron-habilitadas-las-nuevas-instalaciones-del-sanatorio-coopser\/","title":{"rendered":"Quedaron habilitadas las nuevas instalaciones del Sanatorio COOPSER"},"content":{"rendered":"<!-- VideographyWP Plugin Message: Automatic video embedding prevented by plugin options. -->\n\n<p>Las autoridades de COOPSER recibieron este s\u00e1bado 1\u00ba de mayo al Intendente Municipal Cecilio Salazar para inaugurar y recorrer las nuevas instalaciones del Sanatorio, tras las refacciones concretadas en los \u00faltimos meses.<\/p>\n\n\n\n<p>Por prevenci\u00f3n y ante la situaci\u00f3n de conocimiento p\u00fablico, se opt\u00f3 por evitar un acto masivo y se procedi\u00f3 a un corte simb\u00f3lico de cintas en el nuevo acceso a la sala de espera.<\/p>\n\n\n\n<p>El Presidente de Coopser Iv\u00e1n Groppo y el Intendente Cecilio Salazar, cumplieron con esta tradicional ceremonia y recorrieron los sectores que ya est\u00e1n a disposici\u00f3n de todos los que concurran al Sanatorio.<\/p>\n\n\n\n<p>Desde su inauguraci\u00f3n, el 23 de febrero de 2017, tras el proceso por el cual la Cooperativa constituy\u00f3 el Fideicomiso que posibilit\u00f3 la reapertura de la ex Cl\u00ednica San Mart\u00edn y preservar las fuentes de trabajo de decenas de familias sampedrinas, el Sanatorio ha ido creciendo constantemente, sumando especialidades, infraestructura y profesionales para ofrecer un servicio de salud de alta calidad.<\/p>\n\n\n\n<p>Su planta de personal se increment\u00f3 en los \u00faltimos cuatro a\u00f1os de 45 a 73 personas y en los \u00faltimos meses se han realizado de manera constante importantes inversiones para todas las refacciones que se han venido concretando.<\/p>\n\n\n\n<p>En los meses previos a la Pandemia de Covid-19 el personal de Obras de COOPSER ya hab\u00eda comenzado a ejecutar las obras proyectadas, sin embargo, el impacto de esta situaci\u00f3n que todav\u00eda contin\u00faa, ralentiz\u00f3 su marcha.<\/p>\n\n\n\n<p>Desde finales del 2020 estos trabajos se intensificaron, manteniendo todas las medidas de seguridad sanitaria, garantizando la atenci\u00f3n a los pacientes, e incluso incorporando mayor tecnolog\u00eda para la internaci\u00f3n de pacientes con Covid-19.<\/p>\n\n\n\n<p>El Intendente Cecilio Salazar expres\u00f3 su satisfacci\u00f3n y orgullo por esta apertura y felicit\u00f3 a las autoridades de la Cooperativa que no han dejado de trabajar para el crecimiento del Sanatorio.<\/p>\n\n\n\n<p>Groppo destac\u00f3 el trabajo del Administrador Oscar Silva, el Consejo de Administraci\u00f3n, el Director M\u00e9dico Dr. Daniel Ureta, los profesionales, el personal del Sanatorio y de la Cooperativa que particip\u00f3 de este proceso, y el gran acompa\u00f1amiento del gobierno municipal a trav\u00e9s del Intendente Salazar y su equipo, y del Sindicato de Luz y Fuerza.<\/p>\n\n\n\n<p>Las obras realizadas incluyen una remodelaci\u00f3n completa del frente del Sanatorio, nuevas oficinas de atenci\u00f3n al p\u00fablico con la relocalizaci\u00f3n de la sala de espera en el sector construido sobre la anterior entrada de veh\u00edculos, un nuevo ingreso independiente para el servicio guardia y el ingreso de ambulancias, la remodelaci\u00f3n de las instalaciones de la guardia de emergencias y nuevas oficinas administrativas.<\/p>\n\n\n\n<p>El Intendente aprovech\u00f3 el encuentro del que tambi\u00e9n participaron el Administrador Oscar Silva, el consejero Manuel Montesino y el Jefe de Servicios Generales del Sanatorio Ra\u00fal Manchone, &nbsp;para destacar en coincidencia con el 1\u00ba de mayo, el esfuerzo de todos los que est\u00e1n trabajando para contener esta Pandemia que sigue generando una gran preocupaci\u00f3n.<\/p>\n\n\n\n<p>Las nuevas obras contemplan la posibilidad de construir hacia arriba en el futuro \u00a0y desde el Sanatorio se reiter\u00f3 el deseo de continuar elevando la calidad y la infraestructura t\u00e9cnica, siempre ratificando el objetivo de ofrecer cada d\u00eda un mejor servicio a todos los sampedrinos.<\/p>\n\n\n\n<figure class=\"wp-block-image size-large\"><img decoding=\"async\" width=\"1024\" height=\"576\" data-attachment-id=\"91802\" data-permalink=\"https:\/\/eldiariodesanpedro.com.ar\/sitio\/quedaron-habilitadas-las-nuevas-instalaciones-del-sanatorio-coopser\/sanatorio-cooper-01052021-9\/\" data-orig-file=\"https:\/\/eldiariodesanpedro.com.ar\/sitio\/wp-content\/uploads\/2021\/05\/Sanatorio-Cooper-01052021-9.jpg\" data-orig-size=\"1280,720\" data-comments-opened=\"1\" data-image-meta=\"{&quot;aperture&quot;:&quot;0&quot;,&quot;credit&quot;:&quot;&quot;,&quot;camera&quot;:&quot;&quot;,&quot;caption&quot;:&quot;&quot;,&quot;created_timestamp&quot;:&quot;0&quot;,&quot;copyright&quot;:&quot;&quot;,&quot;focal_length&quot;:&quot;0&quot;,&quot;iso&quot;:&quot;0&quot;,&quot;shutter_speed&quot;:&quot;0&quot;,&quot;title&quot;:&quot;&quot;,&quot;orientation&quot;:&quot;0&quot;}\" data-image-title=\"Sanatorio Cooper 01052021 (9)\" data-image-description=\"\" data-image-caption=\"\" data-large-file=\"https:\/\/eldiariodesanpedro.com.ar\/sitio\/wp-content\/uploads\/2021\/05\/Sanatorio-Cooper-01052021-9-1024x576.jpg\" data-src=\"https:\/\/eldiariodesanpedro.com.ar\/sitio\/wp-content\/uploads\/2021\/05\/Sanatorio-Cooper-01052021-9-1024x576.jpg\" alt=\"\" class=\"wp-image-91802 lazyload\" data-srcset=\"https:\/\/eldiariodesanpedro.com.ar\/sitio\/wp-content\/uploads\/2021\/05\/Sanatorio-Cooper-01052021-9-1024x576.jpg 1024w, https:\/\/eldiariodesanpedro.com.ar\/sitio\/wp-content\/uploads\/2021\/05\/Sanatorio-Cooper-01052021-9-300x169.jpg 300w, https:\/\/eldiariodesanpedro.com.ar\/sitio\/wp-content\/uploads\/2021\/05\/Sanatorio-Cooper-01052021-9-768x432.jpg 768w, https:\/\/eldiariodesanpedro.com.ar\/sitio\/wp-content\/uploads\/2021\/05\/Sanatorio-Cooper-01052021-9-800x450.jpg 800w, https:\/\/eldiariodesanpedro.com.ar\/sitio\/wp-content\/uploads\/2021\/05\/Sanatorio-Cooper-01052021-9.jpg 1280w\" data-sizes=\"(max-width: 1024px) 100vw, 1024px\" src=\"data:image\/svg+xml;base64,PHN2ZyB3aWR0aD0iMSIgaGVpZ2h0PSIxIiB4bWxucz0iaHR0cDovL3d3dy53My5vcmcvMjAwMC9zdmciPjwvc3ZnPg==\" style=\"--smush-placeholder-width: 1024px; --smush-placeholder-aspect-ratio: 1024\/576;\" \/><\/figure>\n\n\n\n<figure class=\"wp-block-image size-large\"><img decoding=\"async\" width=\"1024\" height=\"576\" data-attachment-id=\"91801\" data-permalink=\"https:\/\/eldiariodesanpedro.com.ar\/sitio\/quedaron-habilitadas-las-nuevas-instalaciones-del-sanatorio-coopser\/sanatorio-cooper-01052021-7\/\" data-orig-file=\"https:\/\/eldiariodesanpedro.com.ar\/sitio\/wp-content\/uploads\/2021\/05\/Sanatorio-Cooper-01052021-7.jpg\" data-orig-size=\"1280,720\" data-comments-opened=\"1\" data-image-meta=\"{&quot;aperture&quot;:&quot;0&quot;,&quot;credit&quot;:&quot;&quot;,&quot;camera&quot;:&quot;&quot;,&quot;caption&quot;:&quot;&quot;,&quot;created_timestamp&quot;:&quot;0&quot;,&quot;copyright&quot;:&quot;&quot;,&quot;focal_length&quot;:&quot;0&quot;,&quot;iso&quot;:&quot;0&quot;,&quot;shutter_speed&quot;:&quot;0&quot;,&quot;title&quot;:&quot;&quot;,&quot;orientation&quot;:&quot;0&quot;}\" data-image-title=\"Sanatorio Cooper 01052021 (7)\" data-image-description=\"\" data-image-caption=\"\" data-large-file=\"https:\/\/eldiariodesanpedro.com.ar\/sitio\/wp-content\/uploads\/2021\/05\/Sanatorio-Cooper-01052021-7-1024x576.jpg\" data-src=\"https:\/\/eldiariodesanpedro.com.ar\/sitio\/wp-content\/uploads\/2021\/05\/Sanatorio-Cooper-01052021-7-1024x576.jpg\" alt=\"\" class=\"wp-image-91801 lazyload\" data-srcset=\"https:\/\/eldiariodesanpedro.com.ar\/sitio\/wp-content\/uploads\/2021\/05\/Sanatorio-Cooper-01052021-7-1024x576.jpg 1024w, https:\/\/eldiariodesanpedro.com.ar\/sitio\/wp-content\/uploads\/2021\/05\/Sanatorio-Cooper-01052021-7-300x169.jpg 300w, https:\/\/eldiariodesanpedro.com.ar\/sitio\/wp-content\/uploads\/2021\/05\/Sanatorio-Cooper-01052021-7-768x432.jpg 768w, https:\/\/eldiariodesanpedro.com.ar\/sitio\/wp-content\/uploads\/2021\/05\/Sanatorio-Cooper-01052021-7-800x450.jpg 800w, https:\/\/eldiariodesanpedro.com.ar\/sitio\/wp-content\/uploads\/2021\/05\/Sanatorio-Cooper-01052021-7.jpg 1280w\" data-sizes=\"(max-width: 1024px) 100vw, 1024px\" src=\"data:image\/svg+xml;base64,PHN2ZyB3aWR0aD0iMSIgaGVpZ2h0PSIxIiB4bWxucz0iaHR0cDovL3d3dy53My5vcmcvMjAwMC9zdmciPjwvc3ZnPg==\" style=\"--smush-placeholder-width: 1024px; --smush-placeholder-aspect-ratio: 1024\/576;\" \/><\/figure>\n\n\n\n<figure class=\"wp-block-image size-large\"><img decoding=\"async\" width=\"1024\" height=\"576\" data-attachment-id=\"91799\" data-permalink=\"https:\/\/eldiariodesanpedro.com.ar\/sitio\/quedaron-habilitadas-las-nuevas-instalaciones-del-sanatorio-coopser\/sanatorio-cooper-01052021-5\/\" data-orig-file=\"https:\/\/eldiariodesanpedro.com.ar\/sitio\/wp-content\/uploads\/2021\/05\/Sanatorio-Cooper-01052021-5.jpg\" data-orig-size=\"1280,720\" data-comments-opened=\"1\" data-image-meta=\"{&quot;aperture&quot;:&quot;0&quot;,&quot;credit&quot;:&quot;&quot;,&quot;camera&quot;:&quot;&quot;,&quot;caption&quot;:&quot;&quot;,&quot;created_timestamp&quot;:&quot;0&quot;,&quot;copyright&quot;:&quot;&quot;,&quot;focal_length&quot;:&quot;0&quot;,&quot;iso&quot;:&quot;0&quot;,&quot;shutter_speed&quot;:&quot;0&quot;,&quot;title&quot;:&quot;&quot;,&quot;orientation&quot;:&quot;0&quot;}\" data-image-title=\"Sanatorio Cooper 01052021 (5)\" data-image-description=\"\" data-image-caption=\"\" data-large-file=\"https:\/\/eldiariodesanpedro.com.ar\/sitio\/wp-content\/uploads\/2021\/05\/Sanatorio-Cooper-01052021-5-1024x576.jpg\" data-src=\"https:\/\/eldiariodesanpedro.com.ar\/sitio\/wp-content\/uploads\/2021\/05\/Sanatorio-Cooper-01052021-5-1024x576.jpg\" alt=\"\" class=\"wp-image-91799 lazyload\" data-srcset=\"https:\/\/eldiariodesanpedro.com.ar\/sitio\/wp-content\/uploads\/2021\/05\/Sanatorio-Cooper-01052021-5-1024x576.jpg 1024w, https:\/\/eldiariodesanpedro.com.ar\/sitio\/wp-content\/uploads\/2021\/05\/Sanatorio-Cooper-01052021-5-300x169.jpg 300w, https:\/\/eldiariodesanpedro.com.ar\/sitio\/wp-content\/uploads\/2021\/05\/Sanatorio-Cooper-01052021-5-768x432.jpg 768w, https:\/\/eldiariodesanpedro.com.ar\/sitio\/wp-content\/uploads\/2021\/05\/Sanatorio-Cooper-01052021-5-800x450.jpg 800w, https:\/\/eldiariodesanpedro.com.ar\/sitio\/wp-content\/uploads\/2021\/05\/Sanatorio-Cooper-01052021-5.jpg 1280w\" data-sizes=\"(max-width: 1024px) 100vw, 1024px\" src=\"data:image\/svg+xml;base64,PHN2ZyB3aWR0aD0iMSIgaGVpZ2h0PSIxIiB4bWxucz0iaHR0cDovL3d3dy53My5vcmcvMjAwMC9zdmciPjwvc3ZnPg==\" style=\"--smush-placeholder-width: 1024px; --smush-placeholder-aspect-ratio: 1024\/576;\" \/><\/figure>\n\n\n\n<figure class=\"wp-block-image size-large\"><img decoding=\"async\" width=\"1024\" height=\"576\" data-attachment-id=\"91798\" data-permalink=\"https:\/\/eldiariodesanpedro.com.ar\/sitio\/quedaron-habilitadas-las-nuevas-instalaciones-del-sanatorio-coopser\/sanatorio-cooper-01052021-8\/\" data-orig-file=\"https:\/\/eldiariodesanpedro.com.ar\/sitio\/wp-content\/uploads\/2021\/05\/Sanatorio-Cooper-01052021-8.jpg\" data-orig-size=\"1280,720\" data-comments-opened=\"1\" data-image-meta=\"{&quot;aperture&quot;:&quot;0&quot;,&quot;credit&quot;:&quot;&quot;,&quot;camera&quot;:&quot;&quot;,&quot;caption&quot;:&quot;&quot;,&quot;created_timestamp&quot;:&quot;0&quot;,&quot;copyright&quot;:&quot;&quot;,&quot;focal_length&quot;:&quot;0&quot;,&quot;iso&quot;:&quot;0&quot;,&quot;shutter_speed&quot;:&quot;0&quot;,&quot;title&quot;:&quot;&quot;,&quot;orientation&quot;:&quot;0&quot;}\" data-image-title=\"Sanatorio Cooper 01052021 (8)\" data-image-description=\"\" data-image-caption=\"\" data-large-file=\"https:\/\/eldiariodesanpedro.com.ar\/sitio\/wp-content\/uploads\/2021\/05\/Sanatorio-Cooper-01052021-8-1024x576.jpg\" data-src=\"https:\/\/eldiariodesanpedro.com.ar\/sitio\/wp-content\/uploads\/2021\/05\/Sanatorio-Cooper-01052021-8-1024x576.jpg\" alt=\"\" class=\"wp-image-91798 lazyload\" data-srcset=\"https:\/\/eldiariodesanpedro.com.ar\/sitio\/wp-content\/uploads\/2021\/05\/Sanatorio-Cooper-01052021-8-1024x576.jpg 1024w, https:\/\/eldiariodesanpedro.com.ar\/sitio\/wp-content\/uploads\/2021\/05\/Sanatorio-Cooper-01052021-8-300x169.jpg 300w, https:\/\/eldiariodesanpedro.com.ar\/sitio\/wp-content\/uploads\/2021\/05\/Sanatorio-Cooper-01052021-8-768x432.jpg 768w, https:\/\/eldiariodesanpedro.com.ar\/sitio\/wp-content\/uploads\/2021\/05\/Sanatorio-Cooper-01052021-8-800x450.jpg 800w, https:\/\/eldiariodesanpedro.com.ar\/sitio\/wp-content\/uploads\/2021\/05\/Sanatorio-Cooper-01052021-8.jpg 1280w\" data-sizes=\"(max-width: 1024px) 100vw, 1024px\" src=\"data:image\/svg+xml;base64,PHN2ZyB3aWR0aD0iMSIgaGVpZ2h0PSIxIiB4bWxucz0iaHR0cDovL3d3dy53My5vcmcvMjAwMC9zdmciPjwvc3ZnPg==\" style=\"--smush-placeholder-width: 1024px; --smush-placeholder-aspect-ratio: 1024\/576;\" \/><\/figure>\n","protected":false},"excerpt":{"rendered":"<p>Las autoridades de COOPSER recibieron este s\u00e1bado 1\u00ba de mayo al Intendente Municipal Cecilio Salazar para inaugurar y recorrer las nuevas instalaciones del Sanatorio, tras las refacciones concretadas en los \u00faltimos meses. Por prevenci\u00f3n y ante la situaci\u00f3n de conocimiento p\u00fablico, se opt\u00f3 por evitar un acto masivo y se procedi\u00f3 a un corte simb\u00f3lico [&hellip;]<\/p>\n","protected":false},"author":4,"featured_media":91794,"comment_status":"open","ping_status":"closed","sticky":false,"template":"","format":"standard","meta":{"om_disable_all_campaigns":false,"_jetpack_memberships_contains_paid_content":false,"footnotes":""},"categories":[50,101,2],"tags":[],"class_list":["post-91793","post","type-post","status-publish","format-standard","has-post-thumbnail","hentry","category-destacadas","category-interes-general-locales","category-locales"],"aioseo_notices":[],"gutentor_comment":0,"jetpack_featured_media_url":"https:\/\/eldiariodesanpedro.com.ar\/sitio\/wp-content\/uploads\/2021\/05\/Sanatorio-Cooper-01052021-1.jpg","jetpack_shortlink":"https:\/\/wp.me\/p6RhLt-nSx","jetpack_sharing_enabled":true,"_links":{"self":[{"href":"https:\/\/eldiariodesanpedro.com.ar\/sitio\/wp-json\/wp\/v2\/posts\/91793","targetHints":{"allow":["GET"]}}],"collection":[{"href":"https:\/\/eldiariodesanpedro.com.ar\/sitio\/wp-json\/wp\/v2\/posts"}],"about":[{"href":"https:\/\/eldiariodesanpedro.com.ar\/sitio\/wp-json\/wp\/v2\/types\/post"}],"author":[{"embeddable":true,"href":"https:\/\/eldiariodesanpedro.com.ar\/sitio\/wp-json\/wp\/v2\/users\/4"}],"replies":[{"embeddable":true,"href":"https:\/\/eldiariodesanpedro.com.ar\/sitio\/wp-json\/wp\/v2\/comments?post=91793"}],"version-history":[{"count":1,"href":"https:\/\/eldiariodesanpedro.com.ar\/sitio\/wp-json\/wp\/v2\/posts\/91793\/revisions"}],"predecessor-version":[{"id":91803,"href":"https:\/\/eldiariodesanpedro.com.ar\/sitio\/wp-json\/wp\/v2\/posts\/91793\/revisions\/91803"}],"wp:featuredmedia":[{"embeddable":true,"href":"https:\/\/eldiariodesanpedro.com.ar\/sitio\/wp-json\/wp\/v2\/media\/91794"}],"wp:attachment":[{"href":"https:\/\/eldiariodesanpedro.com.ar\/sitio\/wp-json\/wp\/v2\/media?parent=91793"}],"wp:term":[{"taxonomy":"category","embeddable":true,"href":"https:\/\/eldiariodesanpedro.com.ar\/sitio\/wp-json\/wp\/v2\/categories?post=91793"},{"taxonomy":"post_tag","embeddable":true,"href":"https:\/\/eldiariodesanpedro.com.ar\/sitio\/wp-json\/wp\/v2\/tags?post=91793"}],"curies":[{"name":"wp","href":"https:\/\/api.w.org\/{rel}","templated":true}]}}