{"id":91789,"date":"2021-05-01T18:55:11","date_gmt":"2021-05-01T21:55:11","guid":{"rendered":"https:\/\/eldiariodesanpedro.com.ar\/sitio\/?p=91789"},"modified":"2021-05-01T18:55:16","modified_gmt":"2021-05-01T21:55:16","slug":"menor-aprehendido-por-el-robo-de-un-celular","status":"publish","type":"post","link":"https:\/\/eldiariodesanpedro.com.ar\/sitio\/menor-aprehendido-por-el-robo-de-un-celular\/","title":{"rendered":"Menor aprehendido por el robo de un celular"},"content":{"rendered":"<!-- VideographyWP Plugin Message: Automatic video embedding prevented by plugin options. -->\n\n<p>En la tarde de ayer, el personal policial del gabinete criminol\u00f3gico de la comisar\u00eda en intersecci\u00f3n calles 25 de Mayo y Balcarce, aprehende a masculino de 17 a\u00f1os de edad, a quien se le secuestr\u00f3 en su poder tel\u00e9fono celular y accesorios, los cuales fueron sustra\u00eddos en el marco de hecho hurto\u00a0que ocurri\u00f3 el pasado jueves, donde un ciudadano denuncio la sustracci\u00f3n de tel\u00e9fono celular, por lo que el hecho se encontraba en investigaci\u00f3n.\u00a0<\/p>\n\n\n\n<p>El aprehendido fue puesto a disposici\u00f3n de la justicia juvenil de San Nicol\u00e1s, y posteriormente fue entregado a sus responsables, imputado del delito de encubrimiento por hecho de hurto.\u00a0<\/p>\n\n\n\n<p>El hecho inicial se dio cuando en la madrugada del jueves, el denunciante mayor de edad que regresaba de su trabajo, fue abordado por un delincuente que le arrebat\u00f3 el celular y se dio a la fuga. \u00a0<\/p>\n","protected":false},"excerpt":{"rendered":"<p>En la tarde de ayer, el personal policial del gabinete criminol\u00f3gico de la comisar\u00eda en intersecci\u00f3n calles 25 de Mayo y Balcarce, aprehende a masculino de 17 a\u00f1os de edad, a quien se le secuestr\u00f3 en su poder tel\u00e9fono celular y accesorios, los cuales fueron sustra\u00eddos en el marco de hecho hurto\u00a0que ocurri\u00f3 el pasado [&hellip;]<\/p>\n","protected":false},"author":4,"featured_media":91790,"comment_status":"open","ping_status":"closed","sticky":false,"template":"","format":"standard","meta":{"om_disable_all_campaigns":false,"_jetpack_memberships_contains_paid_content":false,"footnotes":""},"categories":[101,2],"tags":[],"class_list":["post-91789","post","type-post","status-publish","format-standard","has-post-thumbnail","hentry","category-interes-general-locales","category-locales"],"aioseo_notices":[],"gutentor_comment":0,"jetpack_featured_media_url":"https:\/\/eldiariodesanpedro.com.ar\/sitio\/wp-content\/uploads\/2021\/05\/WhatsApp-Image-2021-05-01-at-13.05.26.jpeg","jetpack_shortlink":"https:\/\/wp.me\/p6RhLt-nSt","jetpack_sharing_enabled":true,"_links":{"self":[{"href":"https:\/\/eldiariodesanpedro.com.ar\/sitio\/wp-json\/wp\/v2\/posts\/91789","targetHints":{"allow":["GET"]}}],"collection":[{"href":"https:\/\/eldiariodesanpedro.com.ar\/sitio\/wp-json\/wp\/v2\/posts"}],"about":[{"href":"https:\/\/eldiariodesanpedro.com.ar\/sitio\/wp-json\/wp\/v2\/types\/post"}],"author":[{"embeddable":true,"href":"https:\/\/eldiariodesanpedro.com.ar\/sitio\/wp-json\/wp\/v2\/users\/4"}],"replies":[{"embeddable":true,"href":"https:\/\/eldiariodesanpedro.com.ar\/sitio\/wp-json\/wp\/v2\/comments?post=91789"}],"version-history":[{"count":2,"href":"https:\/\/eldiariodesanpedro.com.ar\/sitio\/wp-json\/wp\/v2\/posts\/91789\/revisions"}],"predecessor-version":[{"id":91807,"href":"https:\/\/eldiariodesanpedro.com.ar\/sitio\/wp-json\/wp\/v2\/posts\/91789\/revisions\/91807"}],"wp:featuredmedia":[{"embeddable":true,"href":"https:\/\/eldiariodesanpedro.com.ar\/sitio\/wp-json\/wp\/v2\/media\/91790"}],"wp:attachment":[{"href":"https:\/\/eldiariodesanpedro.com.ar\/sitio\/wp-json\/wp\/v2\/media?parent=91789"}],"wp:term":[{"taxonomy":"category","embeddable":true,"href":"https:\/\/eldiariodesanpedro.com.ar\/sitio\/wp-json\/wp\/v2\/categories?post=91789"},{"taxonomy":"post_tag","embeddable":true,"href":"https:\/\/eldiariodesanpedro.com.ar\/sitio\/wp-json\/wp\/v2\/tags?post=91789"}],"curies":[{"name":"wp","href":"https:\/\/api.w.org\/{rel}","templated":true}]}}