{"id":91765,"date":"2021-04-30T20:02:32","date_gmt":"2021-04-30T23:02:32","guid":{"rendered":"https:\/\/eldiariodesanpedro.com.ar\/sitio\/?p=91765"},"modified":"2021-04-30T20:02:37","modified_gmt":"2021-04-30T23:02:37","slug":"kicillof-ratifico-la-continuidad-de-las-restricciones-en-la-provincia-y-sigue-todo-igual","status":"publish","type":"post","link":"https:\/\/eldiariodesanpedro.com.ar\/sitio\/kicillof-ratifico-la-continuidad-de-las-restricciones-en-la-provincia-y-sigue-todo-igual\/","title":{"rendered":"Kicillof ratific\u00f3 la continuidad de las restricciones en la Provincia y sigue todo igual"},"content":{"rendered":"<!-- VideographyWP Plugin Message: Automatic video embedding prevented by plugin options. -->\n\n<p>En el Sal\u00f3n Dorado de la Casa de Gobierno, el Gobernador bonaerense ratific\u00f3 los cierres a la circulaci\u00f3n, en sinton\u00eda con el Decreto de Necesidad y Urgencia del presidente Alberto Fern\u00e1ndez.<\/p>\n\n\n\n<p>El gobernador Axel Kicillof encabez\u00f3 el anuncio de las nuevas restricciones a la circulaci\u00f3n en la provincia de Buenos Aires, en el marco de la segunda ola de coronavirus.\u00a0Seg\u00fan adelant\u00f3 La Tecla, las medidas se mantendr\u00e1n en consonancia con el Decreto de Necesidad y Urgencia del presidente Alberto Fern\u00e1ndez.<\/p>\n\n\n\n<p>En el Sal\u00f3n Dorado de la Casa de Gobierno, el Gobernador encabeza el anuncio junto al jefe de Gabinete, Carlos Bianco, y al ministro de Salud, Daniel Goll\u00e1n.<\/p>\n\n\n\n<p>Este viernes por la ma\u00f1ana, el jefe de Estado anunci\u00f3 la continuidad de las medidas de restricci\u00f3n en base a cuatro estad\u00edos epidemiol\u00f3gicos, que se adecuar\u00e1n al sistema de fases implementado por el Gobierno provincial desde el inicio de la pandemia.&nbsp;<\/p>\n\n\n\n<p>En este sentido, en aquellos distritos con alto riesgo e mantendr\u00e1 la suspensi\u00f3n de los viajes grupales de egresados, de estudio y de grupos tur\u00edsticos; las reuniones sociales de m\u00e1s de 10 personas en domicilios particulares; y la asistencia al trabajo para personas de riesgo.<\/p>\n\n\n\n<p>En tanto, estar\u00e1 prohibida la pr\u00e1ctica recreativa de cualquier deporte en lugares cerrados donde participen m\u00e1s de 10 personas; los casinos, bingos, discotecas y salones de fiesta permanecer\u00e1n cerrados; mientras que los locales comerciales deber\u00e1n bajar las persianas entre las 19 y las 6 del d\u00eda siguiente, con excepci\u00f3n de los esenciales con horario nocturno.<\/p>\n\n\n\n<p>Tambi\u00e9n habr\u00e1 restricci\u00f3n en \u00e1mbito educativo, por lo que las clases presenciales y las actividades \u00a0educativas no escolares presenciales en los todos los niveles continuar\u00e1n \u00a0suspendidas, a la vez que se proh\u00edbe la circulaci\u00f3n entre las 20.00 y las 06.00 de cada d\u00eda. El transporte p\u00fablico, en este sentido, ser\u00e1 solo para esenciales y autorizados.<\/p>\n\n\n\n<p>Fuente: <a href=\"https:\/\/www.latecla.info\/120959-kicillof-ratifico-la-continuidad-de-las-restricciones-e\">La Tecla<\/a><\/p>\n","protected":false},"excerpt":{"rendered":"<p>En el Sal\u00f3n Dorado de la Casa de Gobierno, el Gobernador bonaerense ratific\u00f3 los cierres a la circulaci\u00f3n, en sinton\u00eda con el Decreto de Necesidad y Urgencia del presidente Alberto Fern\u00e1ndez. El gobernador Axel Kicillof encabez\u00f3 el anuncio de las nuevas restricciones a la circulaci\u00f3n en la provincia de Buenos Aires, en el marco de [&hellip;]<\/p>\n","protected":false},"author":4,"featured_media":91766,"comment_status":"open","ping_status":"closed","sticky":false,"template":"","format":"standard","meta":{"om_disable_all_campaigns":false,"_jetpack_memberships_contains_paid_content":false,"footnotes":""},"categories":[621],"tags":[],"class_list":["post-91765","post","type-post","status-publish","format-standard","has-post-thumbnail","hentry","category-regionales"],"aioseo_notices":[],"gutentor_comment":0,"jetpack_featured_media_url":"https:\/\/eldiariodesanpedro.com.ar\/sitio\/wp-content\/uploads\/2021\/04\/127722_3.jpg","jetpack_shortlink":"https:\/\/wp.me\/p6RhLt-nS5","jetpack_sharing_enabled":true,"_links":{"self":[{"href":"https:\/\/eldiariodesanpedro.com.ar\/sitio\/wp-json\/wp\/v2\/posts\/91765","targetHints":{"allow":["GET"]}}],"collection":[{"href":"https:\/\/eldiariodesanpedro.com.ar\/sitio\/wp-json\/wp\/v2\/posts"}],"about":[{"href":"https:\/\/eldiariodesanpedro.com.ar\/sitio\/wp-json\/wp\/v2\/types\/post"}],"author":[{"embeddable":true,"href":"https:\/\/eldiariodesanpedro.com.ar\/sitio\/wp-json\/wp\/v2\/users\/4"}],"replies":[{"embeddable":true,"href":"https:\/\/eldiariodesanpedro.com.ar\/sitio\/wp-json\/wp\/v2\/comments?post=91765"}],"version-history":[{"count":1,"href":"https:\/\/eldiariodesanpedro.com.ar\/sitio\/wp-json\/wp\/v2\/posts\/91765\/revisions"}],"predecessor-version":[{"id":91767,"href":"https:\/\/eldiariodesanpedro.com.ar\/sitio\/wp-json\/wp\/v2\/posts\/91765\/revisions\/91767"}],"wp:featuredmedia":[{"embeddable":true,"href":"https:\/\/eldiariodesanpedro.com.ar\/sitio\/wp-json\/wp\/v2\/media\/91766"}],"wp:attachment":[{"href":"https:\/\/eldiariodesanpedro.com.ar\/sitio\/wp-json\/wp\/v2\/media?parent=91765"}],"wp:term":[{"taxonomy":"category","embeddable":true,"href":"https:\/\/eldiariodesanpedro.com.ar\/sitio\/wp-json\/wp\/v2\/categories?post=91765"},{"taxonomy":"post_tag","embeddable":true,"href":"https:\/\/eldiariodesanpedro.com.ar\/sitio\/wp-json\/wp\/v2\/tags?post=91765"}],"curies":[{"name":"wp","href":"https:\/\/api.w.org\/{rel}","templated":true}]}}