{"id":91756,"date":"2021-04-30T19:20:31","date_gmt":"2021-04-30T22:20:31","guid":{"rendered":"https:\/\/eldiariodesanpedro.com.ar\/sitio\/?p=91756"},"modified":"2021-04-30T19:20:35","modified_gmt":"2021-04-30T22:20:35","slug":"fallecio-por-coronavirus-adolfo-cocuzza-de-70-anos-siendo-la-victima-105-y-la-quinta-del-dia","status":"publish","type":"post","link":"https:\/\/eldiariodesanpedro.com.ar\/sitio\/fallecio-por-coronavirus-adolfo-cocuzza-de-70-anos-siendo-la-victima-105-y-la-quinta-del-dia\/","title":{"rendered":"Falleci\u00f3 por coronavirus Adolfo Cocuzza de 70 a\u00f1os, siendo la v\u00edctima 105 y la quinta del d\u00eda"},"content":{"rendered":"<!-- VideographyWP Plugin Message: Automatic video embedding prevented by plugin options. -->\n\n<p>La Secretar\u00eda de Salud de la Municipalidad de San Pedro informa el fallecimiento del Sr. Adolfo Cocuzza de 70 a\u00f1os, internado con COVID 19 positivo, en el Hospital Emilio Ruffa.<\/p>\n\n\n\n<p>Acompa\u00f1amos a sus familiares y seres queridos con nuestras condolencias.<\/p>\n","protected":false},"excerpt":{"rendered":"<p>La Secretar\u00eda de Salud de la Municipalidad de San Pedro informa el fallecimiento del Sr. Adolfo Cocuzza de 70 a\u00f1os, internado con COVID 19 positivo, en el Hospital Emilio Ruffa. Acompa\u00f1amos a sus familiares y seres queridos con nuestras condolencias.<\/p>\n","protected":false},"author":4,"featured_media":77464,"comment_status":"open","ping_status":"closed","sticky":false,"template":"","format":"standard","meta":{"om_disable_all_campaigns":false,"_jetpack_memberships_contains_paid_content":false,"footnotes":""},"categories":[101,2],"tags":[],"class_list":["post-91756","post","type-post","status-publish","format-standard","has-post-thumbnail","hentry","category-interes-general-locales","category-locales"],"aioseo_notices":[],"gutentor_comment":0,"jetpack_featured_media_url":"https:\/\/eldiariodesanpedro.com.ar\/sitio\/wp-content\/uploads\/2020\/07\/5e87e1dede692.jpeg","jetpack_shortlink":"https:\/\/wp.me\/p6RhLt-nRW","jetpack_sharing_enabled":true,"_links":{"self":[{"href":"https:\/\/eldiariodesanpedro.com.ar\/sitio\/wp-json\/wp\/v2\/posts\/91756","targetHints":{"allow":["GET"]}}],"collection":[{"href":"https:\/\/eldiariodesanpedro.com.ar\/sitio\/wp-json\/wp\/v2\/posts"}],"about":[{"href":"https:\/\/eldiariodesanpedro.com.ar\/sitio\/wp-json\/wp\/v2\/types\/post"}],"author":[{"embeddable":true,"href":"https:\/\/eldiariodesanpedro.com.ar\/sitio\/wp-json\/wp\/v2\/users\/4"}],"replies":[{"embeddable":true,"href":"https:\/\/eldiariodesanpedro.com.ar\/sitio\/wp-json\/wp\/v2\/comments?post=91756"}],"version-history":[{"count":1,"href":"https:\/\/eldiariodesanpedro.com.ar\/sitio\/wp-json\/wp\/v2\/posts\/91756\/revisions"}],"predecessor-version":[{"id":91757,"href":"https:\/\/eldiariodesanpedro.com.ar\/sitio\/wp-json\/wp\/v2\/posts\/91756\/revisions\/91757"}],"wp:featuredmedia":[{"embeddable":true,"href":"https:\/\/eldiariodesanpedro.com.ar\/sitio\/wp-json\/wp\/v2\/media\/77464"}],"wp:attachment":[{"href":"https:\/\/eldiariodesanpedro.com.ar\/sitio\/wp-json\/wp\/v2\/media?parent=91756"}],"wp:term":[{"taxonomy":"category","embeddable":true,"href":"https:\/\/eldiariodesanpedro.com.ar\/sitio\/wp-json\/wp\/v2\/categories?post=91756"},{"taxonomy":"post_tag","embeddable":true,"href":"https:\/\/eldiariodesanpedro.com.ar\/sitio\/wp-json\/wp\/v2\/tags?post=91756"}],"curies":[{"name":"wp","href":"https:\/\/api.w.org\/{rel}","templated":true}]}}