{"id":91754,"date":"2021-04-30T17:10:20","date_gmt":"2021-04-30T20:10:20","guid":{"rendered":"https:\/\/eldiariodesanpedro.com.ar\/sitio\/?p=91754"},"modified":"2021-04-30T17:10:27","modified_gmt":"2021-04-30T20:10:27","slug":"tres-victimas-fatales-de-coronavirus-dos-mujeres-de-49-y-61-anos-y-un-caballero-de-65-anos","status":"publish","type":"post","link":"https:\/\/eldiariodesanpedro.com.ar\/sitio\/tres-victimas-fatales-de-coronavirus-dos-mujeres-de-49-y-61-anos-y-un-caballero-de-65-anos\/","title":{"rendered":"Tres victimas fatales de coronavirus, dos mujeres de 49 y 61 a\u00f1os, y un caballero de 65 a\u00f1os"},"content":{"rendered":"<!-- VideographyWP Plugin Message: Automatic video embedding prevented by plugin options. -->\n\n<p>La Secretar\u00eda de Salud de la Municipalidad de San Pedro informa que en las \u00faltimas horas se registraron tres decesos de casos positivos de COVID 19:<\/p>\n\n\n\n<ul class=\"wp-block-list\"><li>Sra. Griselda Mabel Kruger de 49 a\u00f1os, en el Hospital Emilio Ruffa, con resultado de COVID 19 positivo, en un examen de testeo r\u00e1pido realizado hoy.<\/li><li>Sr. Julio Fern\u00e1ndez de 65 a\u00f1os, internado en cl\u00ednica privada de San Pedro.<\/li><li>Sra. Nancy S\u00e1nchez de 61 a\u00f1os, internada en cl\u00ednica privada de San Pedro.<\/li><\/ul>\n\n\n\n<p>Acompa\u00f1amos a sus familiares y seres queridos con nuestras condolencias.<\/p>\n","protected":false},"excerpt":{"rendered":"<p>La Secretar\u00eda de Salud de la Municipalidad de San Pedro informa que en las \u00faltimas horas se registraron tres decesos de casos positivos de COVID 19: Sra. Griselda Mabel Kruger de 49 a\u00f1os, en el Hospital Emilio Ruffa, con resultado de COVID 19 positivo, en un examen de testeo r\u00e1pido realizado hoy. Sr. Julio Fern\u00e1ndez [&hellip;]<\/p>\n","protected":false},"author":4,"featured_media":79260,"comment_status":"open","ping_status":"closed","sticky":false,"template":"","format":"standard","meta":{"om_disable_all_campaigns":false,"_jetpack_memberships_contains_paid_content":false,"footnotes":""},"categories":[50,101,2],"tags":[],"class_list":["post-91754","post","type-post","status-publish","format-standard","has-post-thumbnail","hentry","category-destacadas","category-interes-general-locales","category-locales"],"aioseo_notices":[],"gutentor_comment":0,"jetpack_featured_media_url":"https:\/\/eldiariodesanpedro.com.ar\/sitio\/wp-content\/uploads\/2020\/08\/coronavirus-225665.jpg","jetpack_shortlink":"https:\/\/wp.me\/p6RhLt-nRU","jetpack_sharing_enabled":true,"_links":{"self":[{"href":"https:\/\/eldiariodesanpedro.com.ar\/sitio\/wp-json\/wp\/v2\/posts\/91754","targetHints":{"allow":["GET"]}}],"collection":[{"href":"https:\/\/eldiariodesanpedro.com.ar\/sitio\/wp-json\/wp\/v2\/posts"}],"about":[{"href":"https:\/\/eldiariodesanpedro.com.ar\/sitio\/wp-json\/wp\/v2\/types\/post"}],"author":[{"embeddable":true,"href":"https:\/\/eldiariodesanpedro.com.ar\/sitio\/wp-json\/wp\/v2\/users\/4"}],"replies":[{"embeddable":true,"href":"https:\/\/eldiariodesanpedro.com.ar\/sitio\/wp-json\/wp\/v2\/comments?post=91754"}],"version-history":[{"count":1,"href":"https:\/\/eldiariodesanpedro.com.ar\/sitio\/wp-json\/wp\/v2\/posts\/91754\/revisions"}],"predecessor-version":[{"id":91755,"href":"https:\/\/eldiariodesanpedro.com.ar\/sitio\/wp-json\/wp\/v2\/posts\/91754\/revisions\/91755"}],"wp:featuredmedia":[{"embeddable":true,"href":"https:\/\/eldiariodesanpedro.com.ar\/sitio\/wp-json\/wp\/v2\/media\/79260"}],"wp:attachment":[{"href":"https:\/\/eldiariodesanpedro.com.ar\/sitio\/wp-json\/wp\/v2\/media?parent=91754"}],"wp:term":[{"taxonomy":"category","embeddable":true,"href":"https:\/\/eldiariodesanpedro.com.ar\/sitio\/wp-json\/wp\/v2\/categories?post=91754"},{"taxonomy":"post_tag","embeddable":true,"href":"https:\/\/eldiariodesanpedro.com.ar\/sitio\/wp-json\/wp\/v2\/tags?post=91754"}],"curies":[{"name":"wp","href":"https:\/\/api.w.org\/{rel}","templated":true}]}}