{"id":91685,"date":"2021-04-29T10:52:22","date_gmt":"2021-04-29T13:52:22","guid":{"rendered":"https:\/\/eldiariodesanpedro.com.ar\/sitio\/?p=91685"},"modified":"2021-04-29T10:52:26","modified_gmt":"2021-04-29T13:52:26","slug":"una-mujer-lesionada-en-accidente-de-transito-entre-camioneta-y-moto","status":"publish","type":"post","link":"https:\/\/eldiariodesanpedro.com.ar\/sitio\/una-mujer-lesionada-en-accidente-de-transito-entre-camioneta-y-moto\/","title":{"rendered":"Una mujer lesionada en accidente de tr\u00e1nsito entre camioneta y moto"},"content":{"rendered":"<!-- VideographyWP Plugin Message: Automatic video embedding prevented by plugin options. -->\n\n<p>En la ma\u00f1ana de ayer por razones que se tratan de establecer en intersecci\u00f3n de Pellegrini y Honorio Pueyrred\u00f3n, se produce colisi\u00f3n camioneta y motocicleta, resultando conductor camioneta masculino de 64 ileso, y una ciudadana de 19 conductora de motocicleta, trasladada por same, por traumatismo y lesi\u00f3n en miembro inferior izquierdo, sin riesgo de vida.&nbsp;<\/p>\n\n\n\n<p>Interviene UFI N\u00b0 05.<\/p>\n","protected":false},"excerpt":{"rendered":"<p>En la ma\u00f1ana de ayer por razones que se tratan de establecer en intersecci\u00f3n de Pellegrini y Honorio Pueyrred\u00f3n, se produce colisi\u00f3n camioneta y motocicleta, resultando conductor camioneta masculino de 64 ileso, y una ciudadana de 19 conductora de motocicleta, trasladada por same, por traumatismo y lesi\u00f3n en miembro inferior izquierdo, sin riesgo de vida.&nbsp; [&hellip;]<\/p>\n","protected":false},"author":4,"featured_media":66938,"comment_status":"open","ping_status":"closed","sticky":false,"template":"","format":"standard","meta":{"om_disable_all_campaigns":false,"_jetpack_memberships_contains_paid_content":false,"footnotes":""},"categories":[2,103],"tags":[],"class_list":["post-91685","post","type-post","status-publish","format-standard","has-post-thumbnail","hentry","category-locales","category-policiales-locales"],"aioseo_notices":[],"gutentor_comment":0,"jetpack_featured_media_url":"https:\/\/eldiariodesanpedro.com.ar\/sitio\/wp-content\/uploads\/2020\/01\/guardia-san-pedro-poli.jpg","jetpack_shortlink":"https:\/\/wp.me\/p6RhLt-nQN","jetpack_sharing_enabled":true,"_links":{"self":[{"href":"https:\/\/eldiariodesanpedro.com.ar\/sitio\/wp-json\/wp\/v2\/posts\/91685","targetHints":{"allow":["GET"]}}],"collection":[{"href":"https:\/\/eldiariodesanpedro.com.ar\/sitio\/wp-json\/wp\/v2\/posts"}],"about":[{"href":"https:\/\/eldiariodesanpedro.com.ar\/sitio\/wp-json\/wp\/v2\/types\/post"}],"author":[{"embeddable":true,"href":"https:\/\/eldiariodesanpedro.com.ar\/sitio\/wp-json\/wp\/v2\/users\/4"}],"replies":[{"embeddable":true,"href":"https:\/\/eldiariodesanpedro.com.ar\/sitio\/wp-json\/wp\/v2\/comments?post=91685"}],"version-history":[{"count":1,"href":"https:\/\/eldiariodesanpedro.com.ar\/sitio\/wp-json\/wp\/v2\/posts\/91685\/revisions"}],"predecessor-version":[{"id":91686,"href":"https:\/\/eldiariodesanpedro.com.ar\/sitio\/wp-json\/wp\/v2\/posts\/91685\/revisions\/91686"}],"wp:featuredmedia":[{"embeddable":true,"href":"https:\/\/eldiariodesanpedro.com.ar\/sitio\/wp-json\/wp\/v2\/media\/66938"}],"wp:attachment":[{"href":"https:\/\/eldiariodesanpedro.com.ar\/sitio\/wp-json\/wp\/v2\/media?parent=91685"}],"wp:term":[{"taxonomy":"category","embeddable":true,"href":"https:\/\/eldiariodesanpedro.com.ar\/sitio\/wp-json\/wp\/v2\/categories?post=91685"},{"taxonomy":"post_tag","embeddable":true,"href":"https:\/\/eldiariodesanpedro.com.ar\/sitio\/wp-json\/wp\/v2\/tags?post=91685"}],"curies":[{"name":"wp","href":"https:\/\/api.w.org\/{rel}","templated":true}]}}