{"id":91620,"date":"2021-04-28T18:10:22","date_gmt":"2021-04-28T21:10:22","guid":{"rendered":"https:\/\/eldiariodesanpedro.com.ar\/sitio\/?p=91620"},"modified":"2021-04-28T18:10:25","modified_gmt":"2021-04-28T21:10:25","slug":"firma-de-convenio-en-vialidad-para-el-anticipo-financiero-que-permitira-el-inicio-de-la-obra-en-gobernador-castro","status":"publish","type":"post","link":"https:\/\/eldiariodesanpedro.com.ar\/sitio\/firma-de-convenio-en-vialidad-para-el-anticipo-financiero-que-permitira-el-inicio-de-la-obra-en-gobernador-castro\/","title":{"rendered":"Firma de convenio en Vialidad para el anticipo financiero que permitir\u00e1 el inicio de la obra en Gobernador Castro"},"content":{"rendered":"<!-- VideographyWP Plugin Message: Automatic video embedding prevented by plugin options. -->\n\n<p>El Intendente Cecilio Salazar firm\u00f3 hoy en la Direcci\u00f3n Nacional de Vialidad el convenio espec\u00edfico para recibir el adelanto financiero que permitir\u00e1 iniciar de inmediato la obra de repavimentaci\u00f3n del acceso a Gobernador Castro.<\/p>\n\n\n\n<p>Ayer se suscribi\u00f3 el contrato con la empresa adjudicataria tras la licitaci\u00f3n formulada desde la Municipalidad y hoy se complet\u00f3 la documentaci\u00f3n necesaria en un encuentro del jefe comunal con el Dr. Jorge Ruesga, Gerente Ejecutivo de Vialidad Nacional.<\/p>\n\n\n\n<p>Desde la Municipalidad de San Pedro y a partir del excelente v\u00ednculo establecido por el Intendente con Gustavo H\u00e9ctor Arrieta, administrador General de Vialidad Nacional, se impulsan diversas obras relacionadas con Vialidad en todo el Partido de San Pedro.<\/p>\n","protected":false},"excerpt":{"rendered":"<p>El Intendente Cecilio Salazar firm\u00f3 hoy en la Direcci\u00f3n Nacional de Vialidad el convenio espec\u00edfico para recibir el adelanto financiero que permitir\u00e1 iniciar de inmediato la obra de repavimentaci\u00f3n del acceso a Gobernador Castro. Ayer se suscribi\u00f3 el contrato con la empresa adjudicataria tras la licitaci\u00f3n formulada desde la Municipalidad y hoy se complet\u00f3 la [&hellip;]<\/p>\n","protected":false},"author":4,"featured_media":91621,"comment_status":"open","ping_status":"closed","sticky":false,"template":"","format":"standard","meta":{"om_disable_all_campaigns":false,"_jetpack_memberships_contains_paid_content":false,"footnotes":""},"categories":[50,101,2],"tags":[],"class_list":["post-91620","post","type-post","status-publish","format-standard","has-post-thumbnail","hentry","category-destacadas","category-interes-general-locales","category-locales"],"aioseo_notices":[],"gutentor_comment":0,"jetpack_featured_media_url":"https:\/\/eldiariodesanpedro.com.ar\/sitio\/wp-content\/uploads\/2021\/04\/WhatsApp-Image-2021-04-28-at-18.05.54.jpeg","jetpack_shortlink":"https:\/\/wp.me\/p6RhLt-nPK","jetpack_sharing_enabled":true,"_links":{"self":[{"href":"https:\/\/eldiariodesanpedro.com.ar\/sitio\/wp-json\/wp\/v2\/posts\/91620","targetHints":{"allow":["GET"]}}],"collection":[{"href":"https:\/\/eldiariodesanpedro.com.ar\/sitio\/wp-json\/wp\/v2\/posts"}],"about":[{"href":"https:\/\/eldiariodesanpedro.com.ar\/sitio\/wp-json\/wp\/v2\/types\/post"}],"author":[{"embeddable":true,"href":"https:\/\/eldiariodesanpedro.com.ar\/sitio\/wp-json\/wp\/v2\/users\/4"}],"replies":[{"embeddable":true,"href":"https:\/\/eldiariodesanpedro.com.ar\/sitio\/wp-json\/wp\/v2\/comments?post=91620"}],"version-history":[{"count":1,"href":"https:\/\/eldiariodesanpedro.com.ar\/sitio\/wp-json\/wp\/v2\/posts\/91620\/revisions"}],"predecessor-version":[{"id":91622,"href":"https:\/\/eldiariodesanpedro.com.ar\/sitio\/wp-json\/wp\/v2\/posts\/91620\/revisions\/91622"}],"wp:featuredmedia":[{"embeddable":true,"href":"https:\/\/eldiariodesanpedro.com.ar\/sitio\/wp-json\/wp\/v2\/media\/91621"}],"wp:attachment":[{"href":"https:\/\/eldiariodesanpedro.com.ar\/sitio\/wp-json\/wp\/v2\/media?parent=91620"}],"wp:term":[{"taxonomy":"category","embeddable":true,"href":"https:\/\/eldiariodesanpedro.com.ar\/sitio\/wp-json\/wp\/v2\/categories?post=91620"},{"taxonomy":"post_tag","embeddable":true,"href":"https:\/\/eldiariodesanpedro.com.ar\/sitio\/wp-json\/wp\/v2\/tags?post=91620"}],"curies":[{"name":"wp","href":"https:\/\/api.w.org\/{rel}","templated":true}]}}