{"id":91614,"date":"2021-04-28T17:39:41","date_gmt":"2021-04-28T20:39:41","guid":{"rendered":"https:\/\/eldiariodesanpedro.com.ar\/sitio\/?p=91614"},"modified":"2021-04-28T17:39:45","modified_gmt":"2021-04-28T20:39:45","slug":"coopser-informa-corte-de-energia-en-zona-rural","status":"publish","type":"post","link":"https:\/\/eldiariodesanpedro.com.ar\/sitio\/coopser-informa-corte-de-energia-en-zona-rural\/","title":{"rendered":"Coopser Informa: Corte de energ\u00eda en zona rural"},"content":{"rendered":"<!-- VideographyWP Plugin Message: Automatic video embedding prevented by plugin options. -->\n\n<p>COOPSER informa que continuando con las tareas de mantenimiento en el Camino a Vuelta de Obligado, ma\u00f1ana jueves 29 de abril se realizar\u00e1 un corte de energ\u00eda\u00a0<em>desde las 8 y hasta las 9.30 (aprox)<\/em>\u00a0en Lucio Mansilla desde el 6000 (Pje. La Revancha) hasta el 8000 (Callej\u00f3n Coronato).<\/p>\n\n\n\n<p><strong>En caso de lluvia ser\u00e1 reprogramado.<\/strong><\/p>\n","protected":false},"excerpt":{"rendered":"<p>COOPSER informa que continuando con las tareas de mantenimiento en el Camino a Vuelta de Obligado, ma\u00f1ana jueves 29 de abril se realizar\u00e1 un corte de energ\u00eda\u00a0desde las 8 y hasta las 9.30 (aprox)\u00a0en Lucio Mansilla desde el 6000 (Pje. La Revancha) hasta el 8000 (Callej\u00f3n Coronato). En caso de lluvia ser\u00e1 reprogramado.<\/p>\n","protected":false},"author":4,"featured_media":68312,"comment_status":"open","ping_status":"closed","sticky":false,"template":"","format":"standard","meta":{"om_disable_all_campaigns":false,"_jetpack_memberships_contains_paid_content":false,"footnotes":""},"categories":[101,2],"tags":[],"class_list":["post-91614","post","type-post","status-publish","format-standard","has-post-thumbnail","hentry","category-interes-general-locales","category-locales"],"aioseo_notices":[],"gutentor_comment":0,"jetpack_featured_media_url":"https:\/\/eldiariodesanpedro.com.ar\/sitio\/wp-content\/uploads\/2020\/02\/coopser1.png","jetpack_shortlink":"https:\/\/wp.me\/p6RhLt-nPE","jetpack_sharing_enabled":true,"_links":{"self":[{"href":"https:\/\/eldiariodesanpedro.com.ar\/sitio\/wp-json\/wp\/v2\/posts\/91614","targetHints":{"allow":["GET"]}}],"collection":[{"href":"https:\/\/eldiariodesanpedro.com.ar\/sitio\/wp-json\/wp\/v2\/posts"}],"about":[{"href":"https:\/\/eldiariodesanpedro.com.ar\/sitio\/wp-json\/wp\/v2\/types\/post"}],"author":[{"embeddable":true,"href":"https:\/\/eldiariodesanpedro.com.ar\/sitio\/wp-json\/wp\/v2\/users\/4"}],"replies":[{"embeddable":true,"href":"https:\/\/eldiariodesanpedro.com.ar\/sitio\/wp-json\/wp\/v2\/comments?post=91614"}],"version-history":[{"count":1,"href":"https:\/\/eldiariodesanpedro.com.ar\/sitio\/wp-json\/wp\/v2\/posts\/91614\/revisions"}],"predecessor-version":[{"id":91615,"href":"https:\/\/eldiariodesanpedro.com.ar\/sitio\/wp-json\/wp\/v2\/posts\/91614\/revisions\/91615"}],"wp:featuredmedia":[{"embeddable":true,"href":"https:\/\/eldiariodesanpedro.com.ar\/sitio\/wp-json\/wp\/v2\/media\/68312"}],"wp:attachment":[{"href":"https:\/\/eldiariodesanpedro.com.ar\/sitio\/wp-json\/wp\/v2\/media?parent=91614"}],"wp:term":[{"taxonomy":"category","embeddable":true,"href":"https:\/\/eldiariodesanpedro.com.ar\/sitio\/wp-json\/wp\/v2\/categories?post=91614"},{"taxonomy":"post_tag","embeddable":true,"href":"https:\/\/eldiariodesanpedro.com.ar\/sitio\/wp-json\/wp\/v2\/tags?post=91614"}],"curies":[{"name":"wp","href":"https:\/\/api.w.org\/{rel}","templated":true}]}}