{"id":91605,"date":"2021-04-28T17:36:57","date_gmt":"2021-04-28T20:36:57","guid":{"rendered":"https:\/\/eldiariodesanpedro.com.ar\/sitio\/?p=91605"},"modified":"2021-04-28T17:37:02","modified_gmt":"2021-04-28T20:37:02","slug":"el-museo-paleontologico-de-san-pedro-presento-dos-nuevos-espacios","status":"publish","type":"post","link":"https:\/\/eldiariodesanpedro.com.ar\/sitio\/el-museo-paleontologico-de-san-pedro-presento-dos-nuevos-espacios\/","title":{"rendered":"El Museo Paleontol\u00f3gico de San Pedro present\u00f3 dos nuevos espacios"},"content":{"rendered":"<!-- VideographyWP Plugin Message: Automatic video embedding prevented by plugin options. -->\n\n<p>El Museo Paleontol\u00f3gico de San Pedro present\u00f3 dos nuevos espacios que fortalecer\u00e1n, desde hoy, la tea de la instituci\u00f3n sampedrina.<\/p>\n\n\n\n<p>El primero es una nueva&nbsp;<strong>Sala de Audiovisuales<\/strong>&nbsp;y el segundo, la&nbsp;<strong>Sala de Documentaci\u00f3n Hist\u00f3rica<\/strong>.<\/p>\n\n\n\n<p>La primera ha sido ambientada con cuatro exhibidores donde el visitante, adem\u00e1s de poder ver el video institucional del museo, podr\u00e1 disfrutar de una muestra de objetos y materiales gr\u00e1ficos que repasan la historia m\u00e1s reciente de nuestra ciudad y que fueran cedidos por diferentes familias de la zona.<\/p>\n\n\n\n<p>Familia Chiodini, familia Parra, familia Vila, familia Ram\u00edrez, familia P\u00e9rez-Toscanini, familia Aguilar, familia Reynes, familia Correa, familia Ruibal, familia Antonelli y familia Zabala, fueron algunas de las personas que acercaron objetos y fotograf\u00edas que pasan a exhibirse en estos nuevos espacios.<\/p>\n\n\n\n<p>El segundo espacio, contiene la colecci\u00f3n de documentos escritos m\u00e1s importante que conserva la ciudad, la cual fuera cedida por la Suprema Corte de Justicia de la Provincia a trav\u00e9s de un convenio firmado el a\u00f1o pasado en conjunto con el Intendente Municipal, Cecilio Salazar.<\/p>\n\n\n\n<p>Desde el grupo del Museo Paleontol\u00f3gico agradecieron la colaboraci\u00f3n y predisposici\u00f3n brindada por los Dres.Roberto N\u00fa\u00f1ez, Pablo Collado y el Lic. Carlos Sora, Director del Departamento Hist\u00f3rico de la Suprema Corte de la Provincia. Tambi\u00e9n, la ayuda brindada por el Departamento Ejecutivo Municipal, la Secretar\u00eda de Coordinaci\u00f3n, la Secretar\u00eda de Turismo y la Secretar\u00eda de Hacienda. Adem\u00e1s de destacar la predisposici\u00f3n de la Oficial Mayor Anal\u00eda Jan\u00edn y el Dr. Facundo Vell\u00f3n, por parte del Juzgado de Paz local.<\/p>\n\n\n\n<p>Se recibieron saludos y adhesiones de Centro de Estudios Hist\u00f3ricos de la Armada Argentina; del historiador Roberto Colimodio, miembro de la Academia Argentina de la Historia; &nbsp;del Profesor Osvaldo Gatto, especialista en r\u00e9plicas de armas antiguas; del Departamento Hist\u00f3rico de la Corte y del Centro de Comercio, Industria y Turismo de San Pedro.<\/p>\n\n\n\n<p>Se brindaron palabras desde el Grupo Conservacionista de F\u00f3siles y de parte de la Secretaria de Turismo, Lic. Marcela Cu\u00f1er, quien acompa\u00f1\u00f3 la presentaci\u00f3n en nombre del Municipio.<\/p>\n\n\n\n<p>La tarea del Grupo Conservacionista fue apoyada, tambi\u00e9n, por Empresa Sp\u00f3sito, Guly SA, Maderera El Para\u00edso y Marceillac Oftalmolog\u00eda.<\/p>\n\n\n\n<p>La interacci\u00f3n entre todas estas personas, empresas, municipio y el equipo del museo, permiti\u00f3 lograr dos espacios que resguardan 140 a\u00f1os de la historia documental de San Pedro y aportan un punto de inter\u00e9s a la muestra que ofrece el lugar.<\/p>\n\n\n\n<iframe data-src=\"https:\/\/www.facebook.com\/plugins\/video.php?height=271&#038;href=https%3A%2F%2Fwww.facebook.com%2Feldiario.desanpedro%2Fvideos%2F486525302691780%2F&#038;show_text=false&#038;width=560\" width=\"560\" height=\"271\" style=\"border:none;overflow:hidden\" scrolling=\"no\" frameborder=\"0\" allowfullscreen=\"true\" allow=\"autoplay; clipboard-write; encrypted-media; picture-in-picture; web-share\" allowFullScreen=\"true\" src=\"data:image\/svg+xml;base64,PHN2ZyB3aWR0aD0iMSIgaGVpZ2h0PSIxIiB4bWxucz0iaHR0cDovL3d3dy53My5vcmcvMjAwMC9zdmciPjwvc3ZnPg==\" class=\"lazyload\" data-load-mode=\"1\"><\/iframe>\n\n\n\n<figure class=\"wp-block-image size-large\"><img decoding=\"async\" width=\"1024\" height=\"768\" data-attachment-id=\"91609\" data-permalink=\"https:\/\/eldiariodesanpedro.com.ar\/sitio\/el-museo-paleontologico-de-san-pedro-presento-dos-nuevos-espacios\/img_20210428_083926494\/\" data-orig-file=\"https:\/\/eldiariodesanpedro.com.ar\/sitio\/wp-content\/uploads\/2021\/04\/IMG_20210428_083926494-scaled.jpg\" data-orig-size=\"2560,1920\" data-comments-opened=\"1\" data-image-meta=\"{&quot;aperture&quot;:&quot;1.7&quot;,&quot;credit&quot;:&quot;&quot;,&quot;camera&quot;:&quot;Moto Z2 Play&quot;,&quot;caption&quot;:&quot;&quot;,&quot;created_timestamp&quot;:&quot;1619599166&quot;,&quot;copyright&quot;:&quot;&quot;,&quot;focal_length&quot;:&quot;4.28&quot;,&quot;iso&quot;:&quot;640&quot;,&quot;shutter_speed&quot;:&quot;0.058823529411765&quot;,&quot;title&quot;:&quot;&quot;,&quot;orientation&quot;:&quot;0&quot;}\" data-image-title=\"IMG_20210428_083926494\" data-image-description=\"\" data-image-caption=\"\" data-large-file=\"https:\/\/eldiariodesanpedro.com.ar\/sitio\/wp-content\/uploads\/2021\/04\/IMG_20210428_083926494-1024x768.jpg\" data-src=\"https:\/\/eldiariodesanpedro.com.ar\/sitio\/wp-content\/uploads\/2021\/04\/IMG_20210428_083926494-1024x768.jpg\" alt=\"\" class=\"wp-image-91609 lazyload\" data-srcset=\"https:\/\/eldiariodesanpedro.com.ar\/sitio\/wp-content\/uploads\/2021\/04\/IMG_20210428_083926494-1024x768.jpg 1024w, https:\/\/eldiariodesanpedro.com.ar\/sitio\/wp-content\/uploads\/2021\/04\/IMG_20210428_083926494-300x225.jpg 300w, https:\/\/eldiariodesanpedro.com.ar\/sitio\/wp-content\/uploads\/2021\/04\/IMG_20210428_083926494-768x576.jpg 768w, https:\/\/eldiariodesanpedro.com.ar\/sitio\/wp-content\/uploads\/2021\/04\/IMG_20210428_083926494-1536x1152.jpg 1536w, https:\/\/eldiariodesanpedro.com.ar\/sitio\/wp-content\/uploads\/2021\/04\/IMG_20210428_083926494-2048x1536.jpg 2048w, https:\/\/eldiariodesanpedro.com.ar\/sitio\/wp-content\/uploads\/2021\/04\/IMG_20210428_083926494-500x375.jpg 500w\" data-sizes=\"(max-width: 1024px) 100vw, 1024px\" src=\"data:image\/svg+xml;base64,PHN2ZyB3aWR0aD0iMSIgaGVpZ2h0PSIxIiB4bWxucz0iaHR0cDovL3d3dy53My5vcmcvMjAwMC9zdmciPjwvc3ZnPg==\" style=\"--smush-placeholder-width: 1024px; --smush-placeholder-aspect-ratio: 1024\/768;\" \/><\/figure>\n\n\n\n<figure class=\"wp-block-image size-large\"><img decoding=\"async\" width=\"1024\" height=\"768\" data-attachment-id=\"91610\" data-permalink=\"https:\/\/eldiariodesanpedro.com.ar\/sitio\/el-museo-paleontologico-de-san-pedro-presento-dos-nuevos-espacios\/img_20210428_083730841_burst001\/\" data-orig-file=\"https:\/\/eldiariodesanpedro.com.ar\/sitio\/wp-content\/uploads\/2021\/04\/IMG_20210428_083730841_BURST001-scaled.jpg\" data-orig-size=\"2560,1920\" data-comments-opened=\"1\" data-image-meta=\"{&quot;aperture&quot;:&quot;1.7&quot;,&quot;credit&quot;:&quot;&quot;,&quot;camera&quot;:&quot;Moto Z2 Play&quot;,&quot;caption&quot;:&quot;&quot;,&quot;created_timestamp&quot;:&quot;1619599050&quot;,&quot;copyright&quot;:&quot;&quot;,&quot;focal_length&quot;:&quot;4.28&quot;,&quot;iso&quot;:&quot;500&quot;,&quot;shutter_speed&quot;:&quot;0.05&quot;,&quot;title&quot;:&quot;&quot;,&quot;orientation&quot;:&quot;0&quot;}\" data-image-title=\"IMG_20210428_083730841_BURST001\" data-image-description=\"\" data-image-caption=\"\" data-large-file=\"https:\/\/eldiariodesanpedro.com.ar\/sitio\/wp-content\/uploads\/2021\/04\/IMG_20210428_083730841_BURST001-1024x768.jpg\" data-src=\"https:\/\/eldiariodesanpedro.com.ar\/sitio\/wp-content\/uploads\/2021\/04\/IMG_20210428_083730841_BURST001-1024x768.jpg\" alt=\"\" class=\"wp-image-91610 lazyload\" data-srcset=\"https:\/\/eldiariodesanpedro.com.ar\/sitio\/wp-content\/uploads\/2021\/04\/IMG_20210428_083730841_BURST001-1024x768.jpg 1024w, https:\/\/eldiariodesanpedro.com.ar\/sitio\/wp-content\/uploads\/2021\/04\/IMG_20210428_083730841_BURST001-300x225.jpg 300w, https:\/\/eldiariodesanpedro.com.ar\/sitio\/wp-content\/uploads\/2021\/04\/IMG_20210428_083730841_BURST001-768x576.jpg 768w, https:\/\/eldiariodesanpedro.com.ar\/sitio\/wp-content\/uploads\/2021\/04\/IMG_20210428_083730841_BURST001-1536x1152.jpg 1536w, https:\/\/eldiariodesanpedro.com.ar\/sitio\/wp-content\/uploads\/2021\/04\/IMG_20210428_083730841_BURST001-2048x1536.jpg 2048w, https:\/\/eldiariodesanpedro.com.ar\/sitio\/wp-content\/uploads\/2021\/04\/IMG_20210428_083730841_BURST001-500x375.jpg 500w\" data-sizes=\"(max-width: 1024px) 100vw, 1024px\" src=\"data:image\/svg+xml;base64,PHN2ZyB3aWR0aD0iMSIgaGVpZ2h0PSIxIiB4bWxucz0iaHR0cDovL3d3dy53My5vcmcvMjAwMC9zdmciPjwvc3ZnPg==\" style=\"--smush-placeholder-width: 1024px; --smush-placeholder-aspect-ratio: 1024\/768;\" \/><\/figure>\n\n\n\n<figure class=\"wp-block-image size-large\"><img decoding=\"async\" width=\"1024\" height=\"768\" data-attachment-id=\"91608\" data-permalink=\"https:\/\/eldiariodesanpedro.com.ar\/sitio\/el-museo-paleontologico-de-san-pedro-presento-dos-nuevos-espacios\/img_20210427_155006351_burst000_cover_top\/\" data-orig-file=\"https:\/\/eldiariodesanpedro.com.ar\/sitio\/wp-content\/uploads\/2021\/04\/IMG_20210427_155006351_BURST000_COVER_TOP-scaled.jpg\" data-orig-size=\"2560,1920\" data-comments-opened=\"1\" data-image-meta=\"{&quot;aperture&quot;:&quot;1.7&quot;,&quot;credit&quot;:&quot;&quot;,&quot;camera&quot;:&quot;Moto Z2 Play&quot;,&quot;caption&quot;:&quot;&quot;,&quot;created_timestamp&quot;:&quot;1619538606&quot;,&quot;copyright&quot;:&quot;&quot;,&quot;focal_length&quot;:&quot;4.28&quot;,&quot;iso&quot;:&quot;1600&quot;,&quot;shutter_speed&quot;:&quot;0.058823529411765&quot;,&quot;title&quot;:&quot;&quot;,&quot;orientation&quot;:&quot;0&quot;}\" data-image-title=\"IMG_20210427_155006351_BURST000_COVER_TOP\" data-image-description=\"\" data-image-caption=\"\" data-large-file=\"https:\/\/eldiariodesanpedro.com.ar\/sitio\/wp-content\/uploads\/2021\/04\/IMG_20210427_155006351_BURST000_COVER_TOP-1024x768.jpg\" data-src=\"https:\/\/eldiariodesanpedro.com.ar\/sitio\/wp-content\/uploads\/2021\/04\/IMG_20210427_155006351_BURST000_COVER_TOP-1024x768.jpg\" alt=\"\" class=\"wp-image-91608 lazyload\" data-srcset=\"https:\/\/eldiariodesanpedro.com.ar\/sitio\/wp-content\/uploads\/2021\/04\/IMG_20210427_155006351_BURST000_COVER_TOP-1024x768.jpg 1024w, https:\/\/eldiariodesanpedro.com.ar\/sitio\/wp-content\/uploads\/2021\/04\/IMG_20210427_155006351_BURST000_COVER_TOP-300x225.jpg 300w, https:\/\/eldiariodesanpedro.com.ar\/sitio\/wp-content\/uploads\/2021\/04\/IMG_20210427_155006351_BURST000_COVER_TOP-768x576.jpg 768w, https:\/\/eldiariodesanpedro.com.ar\/sitio\/wp-content\/uploads\/2021\/04\/IMG_20210427_155006351_BURST000_COVER_TOP-1536x1152.jpg 1536w, https:\/\/eldiariodesanpedro.com.ar\/sitio\/wp-content\/uploads\/2021\/04\/IMG_20210427_155006351_BURST000_COVER_TOP-2048x1536.jpg 2048w, https:\/\/eldiariodesanpedro.com.ar\/sitio\/wp-content\/uploads\/2021\/04\/IMG_20210427_155006351_BURST000_COVER_TOP-500x375.jpg 500w\" data-sizes=\"(max-width: 1024px) 100vw, 1024px\" src=\"data:image\/svg+xml;base64,PHN2ZyB3aWR0aD0iMSIgaGVpZ2h0PSIxIiB4bWxucz0iaHR0cDovL3d3dy53My5vcmcvMjAwMC9zdmciPjwvc3ZnPg==\" style=\"--smush-placeholder-width: 1024px; --smush-placeholder-aspect-ratio: 1024\/768;\" \/><\/figure>\n\n\n\n<figure class=\"wp-block-image size-large\"><img decoding=\"async\" width=\"1024\" height=\"768\" data-attachment-id=\"91612\" data-permalink=\"https:\/\/eldiariodesanpedro.com.ar\/sitio\/el-museo-paleontologico-de-san-pedro-presento-dos-nuevos-espacios\/img_20210428_083747386_burst001\/\" data-orig-file=\"https:\/\/eldiariodesanpedro.com.ar\/sitio\/wp-content\/uploads\/2021\/04\/IMG_20210428_083747386_BURST001-scaled.jpg\" data-orig-size=\"2560,1920\" data-comments-opened=\"1\" data-image-meta=\"{&quot;aperture&quot;:&quot;1.7&quot;,&quot;credit&quot;:&quot;&quot;,&quot;camera&quot;:&quot;Moto Z2 Play&quot;,&quot;caption&quot;:&quot;&quot;,&quot;created_timestamp&quot;:&quot;1619599067&quot;,&quot;copyright&quot;:&quot;&quot;,&quot;focal_length&quot;:&quot;4.28&quot;,&quot;iso&quot;:&quot;640&quot;,&quot;shutter_speed&quot;:&quot;0.05&quot;,&quot;title&quot;:&quot;&quot;,&quot;orientation&quot;:&quot;0&quot;}\" data-image-title=\"IMG_20210428_083747386_BURST001\" data-image-description=\"\" data-image-caption=\"\" data-large-file=\"https:\/\/eldiariodesanpedro.com.ar\/sitio\/wp-content\/uploads\/2021\/04\/IMG_20210428_083747386_BURST001-1024x768.jpg\" data-src=\"https:\/\/eldiariodesanpedro.com.ar\/sitio\/wp-content\/uploads\/2021\/04\/IMG_20210428_083747386_BURST001-1024x768.jpg\" alt=\"\" class=\"wp-image-91612 lazyload\" data-srcset=\"https:\/\/eldiariodesanpedro.com.ar\/sitio\/wp-content\/uploads\/2021\/04\/IMG_20210428_083747386_BURST001-1024x768.jpg 1024w, https:\/\/eldiariodesanpedro.com.ar\/sitio\/wp-content\/uploads\/2021\/04\/IMG_20210428_083747386_BURST001-300x225.jpg 300w, https:\/\/eldiariodesanpedro.com.ar\/sitio\/wp-content\/uploads\/2021\/04\/IMG_20210428_083747386_BURST001-768x576.jpg 768w, https:\/\/eldiariodesanpedro.com.ar\/sitio\/wp-content\/uploads\/2021\/04\/IMG_20210428_083747386_BURST001-1536x1152.jpg 1536w, https:\/\/eldiariodesanpedro.com.ar\/sitio\/wp-content\/uploads\/2021\/04\/IMG_20210428_083747386_BURST001-2048x1536.jpg 2048w, https:\/\/eldiariodesanpedro.com.ar\/sitio\/wp-content\/uploads\/2021\/04\/IMG_20210428_083747386_BURST001-500x375.jpg 500w\" data-sizes=\"(max-width: 1024px) 100vw, 1024px\" src=\"data:image\/svg+xml;base64,PHN2ZyB3aWR0aD0iMSIgaGVpZ2h0PSIxIiB4bWxucz0iaHR0cDovL3d3dy53My5vcmcvMjAwMC9zdmciPjwvc3ZnPg==\" style=\"--smush-placeholder-width: 1024px; --smush-placeholder-aspect-ratio: 1024\/768;\" \/><\/figure>\n","protected":false},"excerpt":{"rendered":"<p>El Museo Paleontol\u00f3gico de San Pedro present\u00f3 dos nuevos espacios que fortalecer\u00e1n, desde hoy, la tea de la instituci\u00f3n sampedrina. El primero es una nueva&nbsp;Sala de Audiovisuales&nbsp;y el segundo, la&nbsp;Sala de Documentaci\u00f3n Hist\u00f3rica. La primera ha sido ambientada con cuatro exhibidores donde el visitante, adem\u00e1s de poder ver el video institucional del museo, podr\u00e1 disfrutar [&hellip;]<\/p>\n","protected":false},"author":4,"featured_media":91606,"comment_status":"open","ping_status":"closed","sticky":false,"template":"","format":"standard","meta":{"om_disable_all_campaigns":false,"_jetpack_memberships_contains_paid_content":false,"footnotes":""},"categories":[50,101,2],"tags":[],"class_list":["post-91605","post","type-post","status-publish","format-standard","has-post-thumbnail","hentry","category-destacadas","category-interes-general-locales","category-locales"],"aioseo_notices":[],"gutentor_comment":0,"jetpack_featured_media_url":"https:\/\/eldiariodesanpedro.com.ar\/sitio\/wp-content\/uploads\/2021\/04\/WhatsApp-Image-2021-04-28-at-13.45.07.jpeg","jetpack_shortlink":"https:\/\/wp.me\/p6RhLt-nPv","jetpack_sharing_enabled":true,"_links":{"self":[{"href":"https:\/\/eldiariodesanpedro.com.ar\/sitio\/wp-json\/wp\/v2\/posts\/91605","targetHints":{"allow":["GET"]}}],"collection":[{"href":"https:\/\/eldiariodesanpedro.com.ar\/sitio\/wp-json\/wp\/v2\/posts"}],"about":[{"href":"https:\/\/eldiariodesanpedro.com.ar\/sitio\/wp-json\/wp\/v2\/types\/post"}],"author":[{"embeddable":true,"href":"https:\/\/eldiariodesanpedro.com.ar\/sitio\/wp-json\/wp\/v2\/users\/4"}],"replies":[{"embeddable":true,"href":"https:\/\/eldiariodesanpedro.com.ar\/sitio\/wp-json\/wp\/v2\/comments?post=91605"}],"version-history":[{"count":1,"href":"https:\/\/eldiariodesanpedro.com.ar\/sitio\/wp-json\/wp\/v2\/posts\/91605\/revisions"}],"predecessor-version":[{"id":91613,"href":"https:\/\/eldiariodesanpedro.com.ar\/sitio\/wp-json\/wp\/v2\/posts\/91605\/revisions\/91613"}],"wp:featuredmedia":[{"embeddable":true,"href":"https:\/\/eldiariodesanpedro.com.ar\/sitio\/wp-json\/wp\/v2\/media\/91606"}],"wp:attachment":[{"href":"https:\/\/eldiariodesanpedro.com.ar\/sitio\/wp-json\/wp\/v2\/media?parent=91605"}],"wp:term":[{"taxonomy":"category","embeddable":true,"href":"https:\/\/eldiariodesanpedro.com.ar\/sitio\/wp-json\/wp\/v2\/categories?post=91605"},{"taxonomy":"post_tag","embeddable":true,"href":"https:\/\/eldiariodesanpedro.com.ar\/sitio\/wp-json\/wp\/v2\/tags?post=91605"}],"curies":[{"name":"wp","href":"https:\/\/api.w.org\/{rel}","templated":true}]}}