{"id":91592,"date":"2021-04-28T11:40:14","date_gmt":"2021-04-28T14:40:14","guid":{"rendered":"https:\/\/eldiariodesanpedro.com.ar\/sitio\/?p=91592"},"modified":"2021-04-28T11:40:19","modified_gmt":"2021-04-28T14:40:19","slug":"chocaron-dos-motos-y-luego-del-siniestro-se-descubrio-que-una-de-ellas-fue-robada-minutos-antes","status":"publish","type":"post","link":"https:\/\/eldiariodesanpedro.com.ar\/sitio\/chocaron-dos-motos-y-luego-del-siniestro-se-descubrio-que-una-de-ellas-fue-robada-minutos-antes\/","title":{"rendered":"Chocaron dos motos y luego del siniestro se descubri\u00f3 que una de ellas fue robada minutos antes"},"content":{"rendered":"<!-- VideographyWP Plugin Message: Automatic video embedding prevented by plugin options. -->\n\n<p>En la jornada de ayer ocurri\u00f3 un accidente de tr\u00e1nsito donde se vieron involucrados dos motocicletas, luego del siniestro se descubri\u00f3 que una de ellas hab\u00eda sido robada minutos antes.<\/p>\n\n\n\n<p>Anoche promediando las 22:45 horas, personal policial fue alertado de accidente de tr\u00e1nsito en 3 de Febrero y Chivilcoy donde por razones que se tratan de establecer, motocicleta 110 cc conducida por masculino de 20 a\u00f1os que se desempe\u00f1a como mensajero, colisiona\u00a0con otra motocicleta 110 cc Guerrero Trip tripulada por dos masculinos.\u00a0<\/p>\n\n\n\n<p>Como consecuencia el motociclista de 20 a\u00f1os result\u00f3 lesionado y fue trasladado al hospital local con lesiones leves, dado de alta posteriormente, mientras que los ocupantes del restante rodado inmediato al hecho fugaron del lugar a la carrera, dejando la motocicleta abandonada.&nbsp;<\/p>\n\n\n\n<p>Posteriormente y transcurrida una media hora la polic\u00eda es anoticiada que dicha motocicleta abandonada en la escena, hab\u00eda sido sustra\u00edda de inmediaciones de 3 de Febrero y Thorne v\u00eda p\u00fablica donde la damnificada resultaba una mujer de 32 a\u00f1os de edad.&nbsp;<\/p>\n\n\n\n<p>La polic\u00eda cient\u00edfica realiz\u00f3 las correspondientes pericias, interviniendo la justicia local, investigando lo sucedido.<\/p>\n","protected":false},"excerpt":{"rendered":"<p>En la jornada de ayer ocurri\u00f3 un accidente de tr\u00e1nsito donde se vieron involucrados dos motocicletas, luego del siniestro se descubri\u00f3 que una de ellas hab\u00eda sido robada minutos antes. Anoche promediando las 22:45 horas, personal policial fue alertado de accidente de tr\u00e1nsito en 3 de Febrero y Chivilcoy donde por razones que se tratan [&hellip;]<\/p>\n","protected":false},"author":4,"featured_media":91593,"comment_status":"open","ping_status":"closed","sticky":false,"template":"","format":"standard","meta":{"om_disable_all_campaigns":false,"_jetpack_memberships_contains_paid_content":false,"footnotes":""},"categories":[50,2,103],"tags":[],"class_list":["post-91592","post","type-post","status-publish","format-standard","has-post-thumbnail","hentry","category-destacadas","category-locales","category-policiales-locales"],"aioseo_notices":[],"gutentor_comment":0,"jetpack_featured_media_url":"https:\/\/eldiariodesanpedro.com.ar\/sitio\/wp-content\/uploads\/2021\/04\/Sin-titulo-2-5.jpg","jetpack_shortlink":"https:\/\/wp.me\/p6RhLt-nPi","jetpack_sharing_enabled":true,"_links":{"self":[{"href":"https:\/\/eldiariodesanpedro.com.ar\/sitio\/wp-json\/wp\/v2\/posts\/91592","targetHints":{"allow":["GET"]}}],"collection":[{"href":"https:\/\/eldiariodesanpedro.com.ar\/sitio\/wp-json\/wp\/v2\/posts"}],"about":[{"href":"https:\/\/eldiariodesanpedro.com.ar\/sitio\/wp-json\/wp\/v2\/types\/post"}],"author":[{"embeddable":true,"href":"https:\/\/eldiariodesanpedro.com.ar\/sitio\/wp-json\/wp\/v2\/users\/4"}],"replies":[{"embeddable":true,"href":"https:\/\/eldiariodesanpedro.com.ar\/sitio\/wp-json\/wp\/v2\/comments?post=91592"}],"version-history":[{"count":1,"href":"https:\/\/eldiariodesanpedro.com.ar\/sitio\/wp-json\/wp\/v2\/posts\/91592\/revisions"}],"predecessor-version":[{"id":91594,"href":"https:\/\/eldiariodesanpedro.com.ar\/sitio\/wp-json\/wp\/v2\/posts\/91592\/revisions\/91594"}],"wp:featuredmedia":[{"embeddable":true,"href":"https:\/\/eldiariodesanpedro.com.ar\/sitio\/wp-json\/wp\/v2\/media\/91593"}],"wp:attachment":[{"href":"https:\/\/eldiariodesanpedro.com.ar\/sitio\/wp-json\/wp\/v2\/media?parent=91592"}],"wp:term":[{"taxonomy":"category","embeddable":true,"href":"https:\/\/eldiariodesanpedro.com.ar\/sitio\/wp-json\/wp\/v2\/categories?post=91592"},{"taxonomy":"post_tag","embeddable":true,"href":"https:\/\/eldiariodesanpedro.com.ar\/sitio\/wp-json\/wp\/v2\/tags?post=91592"}],"curies":[{"name":"wp","href":"https:\/\/api.w.org\/{rel}","templated":true}]}}