{"id":91588,"date":"2021-04-28T11:27:33","date_gmt":"2021-04-28T14:27:33","guid":{"rendered":"https:\/\/eldiariodesanpedro.com.ar\/sitio\/?p=91588"},"modified":"2021-04-28T11:27:38","modified_gmt":"2021-04-28T14:27:38","slug":"robo-de-un-transformador-de-coopser-en-la-zona-rural","status":"publish","type":"post","link":"https:\/\/eldiariodesanpedro.com.ar\/sitio\/robo-de-un-transformador-de-coopser-en-la-zona-rural\/","title":{"rendered":"Robo de un transformador de Coopser en la zona rural"},"content":{"rendered":"<!-- VideographyWP Plugin Message: Automatic video embedding prevented by plugin options. -->\n\n<p>En la jornada de ayer denunci\u00f3 empleado empresa Coopser, que d\u00eda lunes, constata previo llamado de cliente que en Ruta Provincial 191 trasponiendo ruta 9 en direcci\u00f3n al rebaje de la luz, la sustracci\u00f3n de transformador de cliente en zona rural.&nbsp;<\/p>\n\n\n\n<p>Interviene la justicia local, anoticiando a la polic\u00eda rural fines se aboquen a la investigaci\u00f3n y prevenci\u00f3n.<\/p>\n","protected":false},"excerpt":{"rendered":"<p>En la jornada de ayer denunci\u00f3 empleado empresa Coopser, que d\u00eda lunes, constata previo llamado de cliente que en Ruta Provincial 191 trasponiendo ruta 9 en direcci\u00f3n al rebaje de la luz, la sustracci\u00f3n de transformador de cliente en zona rural.&nbsp; Interviene la justicia local, anoticiando a la polic\u00eda rural fines se aboquen a la [&hellip;]<\/p>\n","protected":false},"author":4,"featured_media":78843,"comment_status":"open","ping_status":"closed","sticky":false,"template":"","format":"standard","meta":{"om_disable_all_campaigns":false,"_jetpack_memberships_contains_paid_content":false,"footnotes":""},"categories":[2,103],"tags":[],"class_list":["post-91588","post","type-post","status-publish","format-standard","has-post-thumbnail","hentry","category-locales","category-policiales-locales"],"aioseo_notices":[],"gutentor_comment":0,"jetpack_featured_media_url":"https:\/\/eldiariodesanpedro.com.ar\/sitio\/wp-content\/uploads\/2020\/08\/0.jpg","jetpack_shortlink":"https:\/\/wp.me\/p6RhLt-nPe","jetpack_sharing_enabled":true,"_links":{"self":[{"href":"https:\/\/eldiariodesanpedro.com.ar\/sitio\/wp-json\/wp\/v2\/posts\/91588","targetHints":{"allow":["GET"]}}],"collection":[{"href":"https:\/\/eldiariodesanpedro.com.ar\/sitio\/wp-json\/wp\/v2\/posts"}],"about":[{"href":"https:\/\/eldiariodesanpedro.com.ar\/sitio\/wp-json\/wp\/v2\/types\/post"}],"author":[{"embeddable":true,"href":"https:\/\/eldiariodesanpedro.com.ar\/sitio\/wp-json\/wp\/v2\/users\/4"}],"replies":[{"embeddable":true,"href":"https:\/\/eldiariodesanpedro.com.ar\/sitio\/wp-json\/wp\/v2\/comments?post=91588"}],"version-history":[{"count":1,"href":"https:\/\/eldiariodesanpedro.com.ar\/sitio\/wp-json\/wp\/v2\/posts\/91588\/revisions"}],"predecessor-version":[{"id":91589,"href":"https:\/\/eldiariodesanpedro.com.ar\/sitio\/wp-json\/wp\/v2\/posts\/91588\/revisions\/91589"}],"wp:featuredmedia":[{"embeddable":true,"href":"https:\/\/eldiariodesanpedro.com.ar\/sitio\/wp-json\/wp\/v2\/media\/78843"}],"wp:attachment":[{"href":"https:\/\/eldiariodesanpedro.com.ar\/sitio\/wp-json\/wp\/v2\/media?parent=91588"}],"wp:term":[{"taxonomy":"category","embeddable":true,"href":"https:\/\/eldiariodesanpedro.com.ar\/sitio\/wp-json\/wp\/v2\/categories?post=91588"},{"taxonomy":"post_tag","embeddable":true,"href":"https:\/\/eldiariodesanpedro.com.ar\/sitio\/wp-json\/wp\/v2\/tags?post=91588"}],"curies":[{"name":"wp","href":"https:\/\/api.w.org\/{rel}","templated":true}]}}