{"id":91585,"date":"2021-04-28T10:24:41","date_gmt":"2021-04-28T13:24:41","guid":{"rendered":"https:\/\/eldiariodesanpedro.com.ar\/sitio\/?p=91585"},"modified":"2021-04-28T10:24:45","modified_gmt":"2021-04-28T13:24:45","slug":"un-hombre-de-43-anos-aprehendido-por-golpear-a-su-pareja","status":"publish","type":"post","link":"https:\/\/eldiariodesanpedro.com.ar\/sitio\/un-hombre-de-43-anos-aprehendido-por-golpear-a-su-pareja\/","title":{"rendered":"Un hombre de 43 a\u00f1os aprehendido por golpear a su pareja"},"content":{"rendered":"<!-- VideographyWP Plugin Message: Automatic video embedding prevented by plugin options. -->\n\n<p>Durante la noche de este martes la polic\u00eda debi\u00f3 tomar intervenci\u00f3n en un hecho de violencia de g\u00e9nero donde un hombre fue aprehendido tras agredir a su pareja.<\/p>\n\n\n\n<p>Anoche efectivos de la comisar\u00eda local se hicieron presentes en la intersecci\u00f3n de calle Segundo Sombra al 700, donde se aprehende a un ciudadano de 43 a\u00f1os quien tras discusi\u00f3n agredi\u00f3 a su pareja una mujer de 46.&nbsp;<\/p>\n\n\n\n<p>Por el caso intervino la justicia local, mientras que la v\u00edctima fue trasladada a la Comisaria de la Mujer y la Familia&nbsp; donde realiz\u00f3 la correspondiente denuncia y fue asistida por el personal psicol\u00f3gico.&nbsp;&nbsp;<\/p>\n\n\n\n<p>Por su parte el agresor qued\u00f3 aprehendido en la comisar\u00eda local hasta declarar con la fiscal de turno.<\/p>\n","protected":false},"excerpt":{"rendered":"<p>Durante la noche de este martes la polic\u00eda debi\u00f3 tomar intervenci\u00f3n en un hecho de violencia de g\u00e9nero donde un hombre fue aprehendido tras agredir a su pareja. Anoche efectivos de la comisar\u00eda local se hicieron presentes en la intersecci\u00f3n de calle Segundo Sombra al 700, donde se aprehende a un ciudadano de 43 a\u00f1os [&hellip;]<\/p>\n","protected":false},"author":4,"featured_media":91586,"comment_status":"open","ping_status":"closed","sticky":false,"template":"","format":"standard","meta":{"om_disable_all_campaigns":false,"_jetpack_memberships_contains_paid_content":false,"footnotes":""},"categories":[2,103],"tags":[],"class_list":["post-91585","post","type-post","status-publish","format-standard","has-post-thumbnail","hentry","category-locales","category-policiales-locales"],"aioseo_notices":[],"gutentor_comment":0,"jetpack_featured_media_url":"https:\/\/eldiariodesanpedro.com.ar\/sitio\/wp-content\/uploads\/2021\/04\/WhatsApp-Image-2021-04-28-at-10.03.57.jpeg","jetpack_shortlink":"https:\/\/wp.me\/p6RhLt-nPb","jetpack_sharing_enabled":true,"_links":{"self":[{"href":"https:\/\/eldiariodesanpedro.com.ar\/sitio\/wp-json\/wp\/v2\/posts\/91585","targetHints":{"allow":["GET"]}}],"collection":[{"href":"https:\/\/eldiariodesanpedro.com.ar\/sitio\/wp-json\/wp\/v2\/posts"}],"about":[{"href":"https:\/\/eldiariodesanpedro.com.ar\/sitio\/wp-json\/wp\/v2\/types\/post"}],"author":[{"embeddable":true,"href":"https:\/\/eldiariodesanpedro.com.ar\/sitio\/wp-json\/wp\/v2\/users\/4"}],"replies":[{"embeddable":true,"href":"https:\/\/eldiariodesanpedro.com.ar\/sitio\/wp-json\/wp\/v2\/comments?post=91585"}],"version-history":[{"count":1,"href":"https:\/\/eldiariodesanpedro.com.ar\/sitio\/wp-json\/wp\/v2\/posts\/91585\/revisions"}],"predecessor-version":[{"id":91587,"href":"https:\/\/eldiariodesanpedro.com.ar\/sitio\/wp-json\/wp\/v2\/posts\/91585\/revisions\/91587"}],"wp:featuredmedia":[{"embeddable":true,"href":"https:\/\/eldiariodesanpedro.com.ar\/sitio\/wp-json\/wp\/v2\/media\/91586"}],"wp:attachment":[{"href":"https:\/\/eldiariodesanpedro.com.ar\/sitio\/wp-json\/wp\/v2\/media?parent=91585"}],"wp:term":[{"taxonomy":"category","embeddable":true,"href":"https:\/\/eldiariodesanpedro.com.ar\/sitio\/wp-json\/wp\/v2\/categories?post=91585"},{"taxonomy":"post_tag","embeddable":true,"href":"https:\/\/eldiariodesanpedro.com.ar\/sitio\/wp-json\/wp\/v2\/tags?post=91585"}],"curies":[{"name":"wp","href":"https:\/\/api.w.org\/{rel}","templated":true}]}}