{"id":91583,"date":"2021-04-28T10:18:24","date_gmt":"2021-04-28T13:18:24","guid":{"rendered":"https:\/\/eldiariodesanpedro.com.ar\/sitio\/?p=91583"},"modified":"2021-04-28T10:18:28","modified_gmt":"2021-04-28T13:18:28","slug":"secuestran-motocicleta-por-falta-de-documentacion","status":"publish","type":"post","link":"https:\/\/eldiariodesanpedro.com.ar\/sitio\/secuestran-motocicleta-por-falta-de-documentacion\/","title":{"rendered":"Secuestran motocicleta por falta de documentaci\u00f3n"},"content":{"rendered":"<!-- VideographyWP Plugin Message: Automatic video embedding prevented by plugin options. -->\n\n<p>La polic\u00eda de nuestra ciudad este martes realizo el secuestro de una motocicleta en la que circulaba una joven que no tenia documentaci\u00f3n de la misma por lo que fue secuestrada.<\/p>\n\n\n\n<p>En el marco de operativo en intersecci\u00f3n de calles Mitre y Almirante Brown se\u00a0 infracciona una motocicleta, la cual era guiada por femenino de 19 a\u00f1os de edad, quien se le labran infracci\u00f3n y procede secuestro por falta de documentaci\u00f3n. <\/p>\n\n\n\n<p>Interviene el juzgado de faltas local por infracci\u00f3n a la ley de tr\u00e1nsito.<\/p>\n","protected":false},"excerpt":{"rendered":"<p>La polic\u00eda de nuestra ciudad este martes realizo el secuestro de una motocicleta en la que circulaba una joven que no tenia documentaci\u00f3n de la misma por lo que fue secuestrada. En el marco de operativo en intersecci\u00f3n de calles Mitre y Almirante Brown se\u00a0 infracciona una motocicleta, la cual era guiada por femenino de [&hellip;]<\/p>\n","protected":false},"author":4,"featured_media":77860,"comment_status":"open","ping_status":"closed","sticky":false,"template":"","format":"standard","meta":{"om_disable_all_campaigns":false,"_jetpack_memberships_contains_paid_content":false,"footnotes":""},"categories":[2,103],"tags":[],"class_list":["post-91583","post","type-post","status-publish","format-standard","has-post-thumbnail","hentry","category-locales","category-policiales-locales"],"aioseo_notices":[],"gutentor_comment":0,"jetpack_featured_media_url":"https:\/\/eldiariodesanpedro.com.ar\/sitio\/wp-content\/uploads\/2020\/07\/000085506.jpg","jetpack_shortlink":"https:\/\/wp.me\/p6RhLt-nP9","jetpack_sharing_enabled":true,"_links":{"self":[{"href":"https:\/\/eldiariodesanpedro.com.ar\/sitio\/wp-json\/wp\/v2\/posts\/91583","targetHints":{"allow":["GET"]}}],"collection":[{"href":"https:\/\/eldiariodesanpedro.com.ar\/sitio\/wp-json\/wp\/v2\/posts"}],"about":[{"href":"https:\/\/eldiariodesanpedro.com.ar\/sitio\/wp-json\/wp\/v2\/types\/post"}],"author":[{"embeddable":true,"href":"https:\/\/eldiariodesanpedro.com.ar\/sitio\/wp-json\/wp\/v2\/users\/4"}],"replies":[{"embeddable":true,"href":"https:\/\/eldiariodesanpedro.com.ar\/sitio\/wp-json\/wp\/v2\/comments?post=91583"}],"version-history":[{"count":1,"href":"https:\/\/eldiariodesanpedro.com.ar\/sitio\/wp-json\/wp\/v2\/posts\/91583\/revisions"}],"predecessor-version":[{"id":91584,"href":"https:\/\/eldiariodesanpedro.com.ar\/sitio\/wp-json\/wp\/v2\/posts\/91583\/revisions\/91584"}],"wp:featuredmedia":[{"embeddable":true,"href":"https:\/\/eldiariodesanpedro.com.ar\/sitio\/wp-json\/wp\/v2\/media\/77860"}],"wp:attachment":[{"href":"https:\/\/eldiariodesanpedro.com.ar\/sitio\/wp-json\/wp\/v2\/media?parent=91583"}],"wp:term":[{"taxonomy":"category","embeddable":true,"href":"https:\/\/eldiariodesanpedro.com.ar\/sitio\/wp-json\/wp\/v2\/categories?post=91583"},{"taxonomy":"post_tag","embeddable":true,"href":"https:\/\/eldiariodesanpedro.com.ar\/sitio\/wp-json\/wp\/v2\/tags?post=91583"}],"curies":[{"name":"wp","href":"https:\/\/api.w.org\/{rel}","templated":true}]}}