{"id":91581,"date":"2021-04-28T10:13:08","date_gmt":"2021-04-28T13:13:08","guid":{"rendered":"https:\/\/eldiariodesanpedro.com.ar\/sitio\/?p=91581"},"modified":"2021-04-28T10:13:12","modified_gmt":"2021-04-28T13:13:12","slug":"dos-jovenes-aprehendidos-en-via-publica-por-consumir-estupefacientes","status":"publish","type":"post","link":"https:\/\/eldiariodesanpedro.com.ar\/sitio\/dos-jovenes-aprehendidos-en-via-publica-por-consumir-estupefacientes\/","title":{"rendered":"Dos j\u00f3venes aprehendidos en v\u00eda p\u00fablica por consumir estupefacientes"},"content":{"rendered":"<!-- VideographyWP Plugin Message: Automatic video embedding prevented by plugin options. -->\n\n<p>El personal policial en el d\u00eda de ayer realiz\u00f3 dos procedimientos similares en los cuales se traslad\u00f3 a sede policial a dos masculinos mayores de edad, a quienes se le secuestr\u00f3 sustancia marihuana \u00ednfimo pesaje, se labraron actuaciones por el delito mencionado con intervenci\u00f3n de la justicia local.<\/p>\n","protected":false},"excerpt":{"rendered":"<p>El personal policial en el d\u00eda de ayer realiz\u00f3 dos procedimientos similares en los cuales se traslad\u00f3 a sede policial a dos masculinos mayores de edad, a quienes se le secuestr\u00f3 sustancia marihuana \u00ednfimo pesaje, se labraron actuaciones por el delito mencionado con intervenci\u00f3n de la justicia local.<\/p>\n","protected":false},"author":4,"featured_media":70421,"comment_status":"open","ping_status":"closed","sticky":false,"template":"","format":"standard","meta":{"om_disable_all_campaigns":false,"_jetpack_memberships_contains_paid_content":false,"footnotes":""},"categories":[2,103],"tags":[],"class_list":["post-91581","post","type-post","status-publish","format-standard","has-post-thumbnail","hentry","category-locales","category-policiales-locales"],"aioseo_notices":[],"gutentor_comment":0,"jetpack_featured_media_url":"https:\/\/eldiariodesanpedro.com.ar\/sitio\/wp-content\/uploads\/2020\/03\/esposas-detenido-1.jpg","jetpack_shortlink":"https:\/\/wp.me\/p6RhLt-nP7","jetpack_sharing_enabled":true,"_links":{"self":[{"href":"https:\/\/eldiariodesanpedro.com.ar\/sitio\/wp-json\/wp\/v2\/posts\/91581","targetHints":{"allow":["GET"]}}],"collection":[{"href":"https:\/\/eldiariodesanpedro.com.ar\/sitio\/wp-json\/wp\/v2\/posts"}],"about":[{"href":"https:\/\/eldiariodesanpedro.com.ar\/sitio\/wp-json\/wp\/v2\/types\/post"}],"author":[{"embeddable":true,"href":"https:\/\/eldiariodesanpedro.com.ar\/sitio\/wp-json\/wp\/v2\/users\/4"}],"replies":[{"embeddable":true,"href":"https:\/\/eldiariodesanpedro.com.ar\/sitio\/wp-json\/wp\/v2\/comments?post=91581"}],"version-history":[{"count":1,"href":"https:\/\/eldiariodesanpedro.com.ar\/sitio\/wp-json\/wp\/v2\/posts\/91581\/revisions"}],"predecessor-version":[{"id":91582,"href":"https:\/\/eldiariodesanpedro.com.ar\/sitio\/wp-json\/wp\/v2\/posts\/91581\/revisions\/91582"}],"wp:featuredmedia":[{"embeddable":true,"href":"https:\/\/eldiariodesanpedro.com.ar\/sitio\/wp-json\/wp\/v2\/media\/70421"}],"wp:attachment":[{"href":"https:\/\/eldiariodesanpedro.com.ar\/sitio\/wp-json\/wp\/v2\/media?parent=91581"}],"wp:term":[{"taxonomy":"category","embeddable":true,"href":"https:\/\/eldiariodesanpedro.com.ar\/sitio\/wp-json\/wp\/v2\/categories?post=91581"},{"taxonomy":"post_tag","embeddable":true,"href":"https:\/\/eldiariodesanpedro.com.ar\/sitio\/wp-json\/wp\/v2\/tags?post=91581"}],"curies":[{"name":"wp","href":"https:\/\/api.w.org\/{rel}","templated":true}]}}