{"id":91579,"date":"2021-04-28T10:06:03","date_gmt":"2021-04-28T13:06:03","guid":{"rendered":"https:\/\/eldiariodesanpedro.com.ar\/sitio\/?p=91579"},"modified":"2021-04-28T10:06:07","modified_gmt":"2021-04-28T13:06:07","slug":"cronograma-de-anses-para-hoy-miercoles-4","status":"publish","type":"post","link":"https:\/\/eldiariodesanpedro.com.ar\/sitio\/cronograma-de-anses-para-hoy-miercoles-4\/","title":{"rendered":"Cronograma de Anses para hoy mi\u00e9rcoles"},"content":{"rendered":"<!-- VideographyWP Plugin Message: Automatic video embedding prevented by plugin options. -->\n\n<p>El organismo, a cargo de la Lic. Fernanda Raverta, informa que hoy contin\u00faa el pago del refuerzo de los 15.000 pesos y, adem\u00e1s, se abonan jubilaciones, pensiones y Prestaci\u00f3n por Desempleo.<\/p>\n\n\n\n<p><strong>Refuerzo de 15.000 pesos<\/strong><br>Hoy se deposita, autom\u00e1ticamente y sin tr\u00e1mite previo, el refuerzo de 15.000 para titulares de la Asignaci\u00f3n Universal por Hijo (AUH), Asignaci\u00f3n por Embarazo y monotributistas A y B que cobren Asignaciones Familiares con DNI finalizados en\u00a0<strong>2<\/strong>. (SOLO PARA AMBA Y LOCALIDADES EN FASE 2)<\/p>\n\n\n\n<p><strong>Jubilaciones\u00a0y\u00a0pensiones\u00a0del Sistema Integrado Previsional Argentino<\/strong><br>Las sucursales bancarias habilitadas atender\u00e1n por ventanilla a jubilados, jubiladas, pensionados y pensionadas que tengan haberes entre\u00a0<strong>23.120 pesos<\/strong>\u00a0<strong>y 138.426 pesos\u00a0<\/strong>y susdocumentos terminen en\u00a0<strong>4\u00a0<\/strong>y<strong>\u00a05<\/strong>.<br>En este sentido, si bien estas personas no tienen que solicitar turno previo para cobrar el beneficio,\u00a0deben acercarse a la sucursal bancaria \u00fanicamente en la fecha asignada. Cabe recordar que los haberes permanecer\u00e1n depositados en sus cuentas.<\/p>\n\n\n\n<p><strong>Prestaci\u00f3n por Desempleo<\/strong><br>Hoy perciben la Prestaci\u00f3n por Desempleo las personas cuyos documentos concluyan en\u00a0<strong>6\u00a0<\/strong>y<strong>\u00a07<\/strong>.<\/p>\n","protected":false},"excerpt":{"rendered":"<p>El organismo, a cargo de la Lic. Fernanda Raverta, informa que hoy contin\u00faa el pago del refuerzo de los 15.000 pesos y, adem\u00e1s, se abonan jubilaciones, pensiones y Prestaci\u00f3n por Desempleo. Refuerzo de 15.000 pesosHoy se deposita, autom\u00e1ticamente y sin tr\u00e1mite previo, el refuerzo de 15.000 para titulares de la Asignaci\u00f3n Universal por Hijo (AUH), [&hellip;]<\/p>\n","protected":false},"author":4,"featured_media":79416,"comment_status":"open","ping_status":"closed","sticky":false,"template":"","format":"standard","meta":{"om_disable_all_campaigns":false,"_jetpack_memberships_contains_paid_content":false,"footnotes":""},"categories":[101,2],"tags":[],"class_list":["post-91579","post","type-post","status-publish","format-standard","has-post-thumbnail","hentry","category-interes-general-locales","category-locales"],"aioseo_notices":[],"gutentor_comment":0,"jetpack_featured_media_url":"https:\/\/eldiariodesanpedro.com.ar\/sitio\/wp-content\/uploads\/2020\/08\/3060604-e1597404396101.jpg","jetpack_shortlink":"https:\/\/wp.me\/p6RhLt-nP5","jetpack_sharing_enabled":true,"_links":{"self":[{"href":"https:\/\/eldiariodesanpedro.com.ar\/sitio\/wp-json\/wp\/v2\/posts\/91579","targetHints":{"allow":["GET"]}}],"collection":[{"href":"https:\/\/eldiariodesanpedro.com.ar\/sitio\/wp-json\/wp\/v2\/posts"}],"about":[{"href":"https:\/\/eldiariodesanpedro.com.ar\/sitio\/wp-json\/wp\/v2\/types\/post"}],"author":[{"embeddable":true,"href":"https:\/\/eldiariodesanpedro.com.ar\/sitio\/wp-json\/wp\/v2\/users\/4"}],"replies":[{"embeddable":true,"href":"https:\/\/eldiariodesanpedro.com.ar\/sitio\/wp-json\/wp\/v2\/comments?post=91579"}],"version-history":[{"count":1,"href":"https:\/\/eldiariodesanpedro.com.ar\/sitio\/wp-json\/wp\/v2\/posts\/91579\/revisions"}],"predecessor-version":[{"id":91580,"href":"https:\/\/eldiariodesanpedro.com.ar\/sitio\/wp-json\/wp\/v2\/posts\/91579\/revisions\/91580"}],"wp:featuredmedia":[{"embeddable":true,"href":"https:\/\/eldiariodesanpedro.com.ar\/sitio\/wp-json\/wp\/v2\/media\/79416"}],"wp:attachment":[{"href":"https:\/\/eldiariodesanpedro.com.ar\/sitio\/wp-json\/wp\/v2\/media?parent=91579"}],"wp:term":[{"taxonomy":"category","embeddable":true,"href":"https:\/\/eldiariodesanpedro.com.ar\/sitio\/wp-json\/wp\/v2\/categories?post=91579"},{"taxonomy":"post_tag","embeddable":true,"href":"https:\/\/eldiariodesanpedro.com.ar\/sitio\/wp-json\/wp\/v2\/tags?post=91579"}],"curies":[{"name":"wp","href":"https:\/\/api.w.org\/{rel}","templated":true}]}}