{"id":91575,"date":"2021-04-27T19:58:12","date_gmt":"2021-04-27T22:58:12","guid":{"rendered":"https:\/\/eldiariodesanpedro.com.ar\/sitio\/?p=91575"},"modified":"2021-04-27T19:58:16","modified_gmt":"2021-04-27T22:58:16","slug":"coopser-informa-corte-de-energia-programado-para-este-miercoles","status":"publish","type":"post","link":"https:\/\/eldiariodesanpedro.com.ar\/sitio\/coopser-informa-corte-de-energia-programado-para-este-miercoles\/","title":{"rendered":"Coopser Informa: Corte de energ\u00eda programado para este mi\u00e9rcoles"},"content":{"rendered":"<!-- VideographyWP Plugin Message: Automatic video embedding prevented by plugin options. -->\n\n<p>COOPSER informa que el personal del sector el\u00e9ctrico realizar\u00e1 ma\u00f1ana mi\u00e9rcoles 28 de abril, un corte de energ\u00eda por tareas de mantenimiento en Lucio Mansilla, desde Callej\u00f3n Taurizano hasta el Pje. La Revancha (Lucio Mansilla 6000).<\/p>\n\n\n\n<p>En caso de mal tiempo ser\u00e1 reprogramado.<\/p>\n","protected":false},"excerpt":{"rendered":"<p>COOPSER informa que el personal del sector el\u00e9ctrico realizar\u00e1 ma\u00f1ana mi\u00e9rcoles 28 de abril, un corte de energ\u00eda por tareas de mantenimiento en Lucio Mansilla, desde Callej\u00f3n Taurizano hasta el Pje. La Revancha (Lucio Mansilla 6000). En caso de mal tiempo ser\u00e1 reprogramado.<\/p>\n","protected":false},"author":4,"featured_media":70168,"comment_status":"open","ping_status":"closed","sticky":false,"template":"","format":"standard","meta":{"om_disable_all_campaigns":false,"_jetpack_memberships_contains_paid_content":false,"footnotes":""},"categories":[101,2],"tags":[],"class_list":["post-91575","post","type-post","status-publish","format-standard","has-post-thumbnail","hentry","category-interes-general-locales","category-locales"],"aioseo_notices":[],"gutentor_comment":0,"jetpack_featured_media_url":"https:\/\/eldiariodesanpedro.com.ar\/sitio\/wp-content\/uploads\/2020\/03\/archivo-coopser-1.jpeg","jetpack_shortlink":"https:\/\/wp.me\/p6RhLt-nP1","jetpack_sharing_enabled":true,"_links":{"self":[{"href":"https:\/\/eldiariodesanpedro.com.ar\/sitio\/wp-json\/wp\/v2\/posts\/91575","targetHints":{"allow":["GET"]}}],"collection":[{"href":"https:\/\/eldiariodesanpedro.com.ar\/sitio\/wp-json\/wp\/v2\/posts"}],"about":[{"href":"https:\/\/eldiariodesanpedro.com.ar\/sitio\/wp-json\/wp\/v2\/types\/post"}],"author":[{"embeddable":true,"href":"https:\/\/eldiariodesanpedro.com.ar\/sitio\/wp-json\/wp\/v2\/users\/4"}],"replies":[{"embeddable":true,"href":"https:\/\/eldiariodesanpedro.com.ar\/sitio\/wp-json\/wp\/v2\/comments?post=91575"}],"version-history":[{"count":1,"href":"https:\/\/eldiariodesanpedro.com.ar\/sitio\/wp-json\/wp\/v2\/posts\/91575\/revisions"}],"predecessor-version":[{"id":91576,"href":"https:\/\/eldiariodesanpedro.com.ar\/sitio\/wp-json\/wp\/v2\/posts\/91575\/revisions\/91576"}],"wp:featuredmedia":[{"embeddable":true,"href":"https:\/\/eldiariodesanpedro.com.ar\/sitio\/wp-json\/wp\/v2\/media\/70168"}],"wp:attachment":[{"href":"https:\/\/eldiariodesanpedro.com.ar\/sitio\/wp-json\/wp\/v2\/media?parent=91575"}],"wp:term":[{"taxonomy":"category","embeddable":true,"href":"https:\/\/eldiariodesanpedro.com.ar\/sitio\/wp-json\/wp\/v2\/categories?post=91575"},{"taxonomy":"post_tag","embeddable":true,"href":"https:\/\/eldiariodesanpedro.com.ar\/sitio\/wp-json\/wp\/v2\/tags?post=91575"}],"curies":[{"name":"wp","href":"https:\/\/api.w.org\/{rel}","templated":true}]}}