{"id":91570,"date":"2021-04-27T19:38:15","date_gmt":"2021-04-27T22:38:15","guid":{"rendered":"https:\/\/eldiariodesanpedro.com.ar\/sitio\/?p=91570"},"modified":"2021-04-27T19:38:19","modified_gmt":"2021-04-27T22:38:19","slug":"presentacion-y-firma-de-contratos-de-obras-de-vialidad-para-san-pedro-y-la-zona","status":"publish","type":"post","link":"https:\/\/eldiariodesanpedro.com.ar\/sitio\/presentacion-y-firma-de-contratos-de-obras-de-vialidad-para-san-pedro-y-la-zona\/","title":{"rendered":"Presentaci\u00f3n y firma de contratos de obras de vialidad para San Pedro y la zona"},"content":{"rendered":"<!-- VideographyWP Plugin Message: Automatic video embedding prevented by plugin options. -->\n\n<p>El Intendente Municipal Cecilio Salazar, particip\u00f3 esta ma\u00f1ana de la presentaci\u00f3n y firma de 25 contratos para obras de vialidad que se realizar\u00e1n en 39 distritos bonaerenses, tanto del conurbano como del interior, con una inversi\u00f3n que supera los 3.500 millones de pesos.<\/p>\n\n\n\n<p>Dicha reuni\u00f3n se realiz\u00f3 de forma virtual y cont\u00f3 con la presencia del Ministro de Infraestructura y Servicios P\u00fablicos provincial Agust\u00edn Simone, el Subsecretario de Obras P\u00fablicas Ing. Ernesto Selzer, el Administrador de Vialidad, Gerardo Tarchinale y representantes de los distritos de la provincia.<\/p>\n\n\n\n<p>Luego de esta presentaci\u00f3n y a trav\u00e9s de distintas obras, desde el Gobierno de la Provincia de Buenos Aires se realizar\u00e1 la puesta en valor y reconstrucci\u00f3n de alcantarillas que se encuentran en mal estado en San Pedro. Las tareas se realizar\u00e1n en las alcantarillas ubicadas en el Camino 099-01, entre San Pedro y Vuelta de Obligado; en el Camino 099-01, en el tramo comprendido entre San Pedro y Ruta Nacional 9; y en el Camino 099-04, entre Ruta 9 y el Camino 099-07. Estos trabajos facilitar\u00e1n el escurrimiento de los cauces de agua, dando una mayor fluidez a la circulaci\u00f3n de los arroyos.<\/p>\n\n\n\n<figure class=\"wp-block-image size-large\"><img decoding=\"async\" width=\"1024\" height=\"683\" data-attachment-id=\"91572\" data-permalink=\"https:\/\/eldiariodesanpedro.com.ar\/sitio\/presentacion-y-firma-de-contratos-de-obras-de-vialidad-para-san-pedro-y-la-zona\/whatsapp-image-2021-04-27-at-19-24-29-1\/\" data-orig-file=\"https:\/\/eldiariodesanpedro.com.ar\/sitio\/wp-content\/uploads\/2021\/04\/WhatsApp-Image-2021-04-27-at-19.24.29-1.jpeg\" data-orig-size=\"1280,854\" data-comments-opened=\"1\" data-image-meta=\"{&quot;aperture&quot;:&quot;0&quot;,&quot;credit&quot;:&quot;&quot;,&quot;camera&quot;:&quot;&quot;,&quot;caption&quot;:&quot;&quot;,&quot;created_timestamp&quot;:&quot;0&quot;,&quot;copyright&quot;:&quot;&quot;,&quot;focal_length&quot;:&quot;0&quot;,&quot;iso&quot;:&quot;0&quot;,&quot;shutter_speed&quot;:&quot;0&quot;,&quot;title&quot;:&quot;&quot;,&quot;orientation&quot;:&quot;0&quot;}\" data-image-title=\"WhatsApp Image 2021-04-27 at 19.24.29 (1)\" data-image-description=\"\" data-image-caption=\"\" data-large-file=\"https:\/\/eldiariodesanpedro.com.ar\/sitio\/wp-content\/uploads\/2021\/04\/WhatsApp-Image-2021-04-27-at-19.24.29-1-1024x683.jpeg\" data-src=\"https:\/\/eldiariodesanpedro.com.ar\/sitio\/wp-content\/uploads\/2021\/04\/WhatsApp-Image-2021-04-27-at-19.24.29-1-1024x683.jpeg\" alt=\"\" class=\"wp-image-91572 lazyload\" data-srcset=\"https:\/\/eldiariodesanpedro.com.ar\/sitio\/wp-content\/uploads\/2021\/04\/WhatsApp-Image-2021-04-27-at-19.24.29-1-1024x683.jpeg 1024w, https:\/\/eldiariodesanpedro.com.ar\/sitio\/wp-content\/uploads\/2021\/04\/WhatsApp-Image-2021-04-27-at-19.24.29-1-300x200.jpeg 300w, https:\/\/eldiariodesanpedro.com.ar\/sitio\/wp-content\/uploads\/2021\/04\/WhatsApp-Image-2021-04-27-at-19.24.29-1-768x512.jpeg 768w, https:\/\/eldiariodesanpedro.com.ar\/sitio\/wp-content\/uploads\/2021\/04\/WhatsApp-Image-2021-04-27-at-19.24.29-1.jpeg 1280w\" data-sizes=\"(max-width: 1024px) 100vw, 1024px\" src=\"data:image\/svg+xml;base64,PHN2ZyB3aWR0aD0iMSIgaGVpZ2h0PSIxIiB4bWxucz0iaHR0cDovL3d3dy53My5vcmcvMjAwMC9zdmciPjwvc3ZnPg==\" style=\"--smush-placeholder-width: 1024px; --smush-placeholder-aspect-ratio: 1024\/683;\" \/><\/figure>\n\n\n\n<figure class=\"wp-block-image size-large\"><img decoding=\"async\" width=\"1024\" height=\"745\" data-attachment-id=\"91571\" data-permalink=\"https:\/\/eldiariodesanpedro.com.ar\/sitio\/presentacion-y-firma-de-contratos-de-obras-de-vialidad-para-san-pedro-y-la-zona\/whatsapp-image-2021-04-27-at-19-24-28\/\" data-orig-file=\"https:\/\/eldiariodesanpedro.com.ar\/sitio\/wp-content\/uploads\/2021\/04\/WhatsApp-Image-2021-04-27-at-19.24.28.jpeg\" data-orig-size=\"1280,931\" data-comments-opened=\"1\" data-image-meta=\"{&quot;aperture&quot;:&quot;0&quot;,&quot;credit&quot;:&quot;&quot;,&quot;camera&quot;:&quot;&quot;,&quot;caption&quot;:&quot;&quot;,&quot;created_timestamp&quot;:&quot;0&quot;,&quot;copyright&quot;:&quot;&quot;,&quot;focal_length&quot;:&quot;0&quot;,&quot;iso&quot;:&quot;0&quot;,&quot;shutter_speed&quot;:&quot;0&quot;,&quot;title&quot;:&quot;&quot;,&quot;orientation&quot;:&quot;0&quot;}\" data-image-title=\"WhatsApp Image 2021-04-27 at 19.24.28\" data-image-description=\"\" data-image-caption=\"\" data-large-file=\"https:\/\/eldiariodesanpedro.com.ar\/sitio\/wp-content\/uploads\/2021\/04\/WhatsApp-Image-2021-04-27-at-19.24.28-1024x745.jpeg\" data-src=\"https:\/\/eldiariodesanpedro.com.ar\/sitio\/wp-content\/uploads\/2021\/04\/WhatsApp-Image-2021-04-27-at-19.24.28-1024x745.jpeg\" alt=\"\" class=\"wp-image-91571 lazyload\" data-srcset=\"https:\/\/eldiariodesanpedro.com.ar\/sitio\/wp-content\/uploads\/2021\/04\/WhatsApp-Image-2021-04-27-at-19.24.28-1024x745.jpeg 1024w, https:\/\/eldiariodesanpedro.com.ar\/sitio\/wp-content\/uploads\/2021\/04\/WhatsApp-Image-2021-04-27-at-19.24.28-300x218.jpeg 300w, https:\/\/eldiariodesanpedro.com.ar\/sitio\/wp-content\/uploads\/2021\/04\/WhatsApp-Image-2021-04-27-at-19.24.28-768x559.jpeg 768w, https:\/\/eldiariodesanpedro.com.ar\/sitio\/wp-content\/uploads\/2021\/04\/WhatsApp-Image-2021-04-27-at-19.24.28.jpeg 1280w\" data-sizes=\"(max-width: 1024px) 100vw, 1024px\" src=\"data:image\/svg+xml;base64,PHN2ZyB3aWR0aD0iMSIgaGVpZ2h0PSIxIiB4bWxucz0iaHR0cDovL3d3dy53My5vcmcvMjAwMC9zdmciPjwvc3ZnPg==\" style=\"--smush-placeholder-width: 1024px; --smush-placeholder-aspect-ratio: 1024\/745;\" \/><\/figure>\n","protected":false},"excerpt":{"rendered":"<p>El Intendente Municipal Cecilio Salazar, particip\u00f3 esta ma\u00f1ana de la presentaci\u00f3n y firma de 25 contratos para obras de vialidad que se realizar\u00e1n en 39 distritos bonaerenses, tanto del conurbano como del interior, con una inversi\u00f3n que supera los 3.500 millones de pesos. Dicha reuni\u00f3n se realiz\u00f3 de forma virtual y cont\u00f3 con la presencia [&hellip;]<\/p>\n","protected":false},"author":4,"featured_media":91573,"comment_status":"open","ping_status":"closed","sticky":false,"template":"","format":"standard","meta":{"om_disable_all_campaigns":false,"_jetpack_memberships_contains_paid_content":false,"footnotes":""},"categories":[50,101,2],"tags":[],"class_list":["post-91570","post","type-post","status-publish","format-standard","has-post-thumbnail","hentry","category-destacadas","category-interes-general-locales","category-locales"],"aioseo_notices":[],"gutentor_comment":0,"jetpack_featured_media_url":"https:\/\/eldiariodesanpedro.com.ar\/sitio\/wp-content\/uploads\/2021\/04\/WhatsApp-Image-2021-04-27-at-19.24.29.jpeg","jetpack_shortlink":"https:\/\/wp.me\/p6RhLt-nOW","jetpack_sharing_enabled":true,"_links":{"self":[{"href":"https:\/\/eldiariodesanpedro.com.ar\/sitio\/wp-json\/wp\/v2\/posts\/91570","targetHints":{"allow":["GET"]}}],"collection":[{"href":"https:\/\/eldiariodesanpedro.com.ar\/sitio\/wp-json\/wp\/v2\/posts"}],"about":[{"href":"https:\/\/eldiariodesanpedro.com.ar\/sitio\/wp-json\/wp\/v2\/types\/post"}],"author":[{"embeddable":true,"href":"https:\/\/eldiariodesanpedro.com.ar\/sitio\/wp-json\/wp\/v2\/users\/4"}],"replies":[{"embeddable":true,"href":"https:\/\/eldiariodesanpedro.com.ar\/sitio\/wp-json\/wp\/v2\/comments?post=91570"}],"version-history":[{"count":1,"href":"https:\/\/eldiariodesanpedro.com.ar\/sitio\/wp-json\/wp\/v2\/posts\/91570\/revisions"}],"predecessor-version":[{"id":91574,"href":"https:\/\/eldiariodesanpedro.com.ar\/sitio\/wp-json\/wp\/v2\/posts\/91570\/revisions\/91574"}],"wp:featuredmedia":[{"embeddable":true,"href":"https:\/\/eldiariodesanpedro.com.ar\/sitio\/wp-json\/wp\/v2\/media\/91573"}],"wp:attachment":[{"href":"https:\/\/eldiariodesanpedro.com.ar\/sitio\/wp-json\/wp\/v2\/media?parent=91570"}],"wp:term":[{"taxonomy":"category","embeddable":true,"href":"https:\/\/eldiariodesanpedro.com.ar\/sitio\/wp-json\/wp\/v2\/categories?post=91570"},{"taxonomy":"post_tag","embeddable":true,"href":"https:\/\/eldiariodesanpedro.com.ar\/sitio\/wp-json\/wp\/v2\/tags?post=91570"}],"curies":[{"name":"wp","href":"https:\/\/api.w.org\/{rel}","templated":true}]}}