{"id":91545,"date":"2021-04-27T12:38:26","date_gmt":"2021-04-27T15:38:26","guid":{"rendered":"https:\/\/eldiariodesanpedro.com.ar\/sitio\/?p=91545"},"modified":"2021-04-27T12:38:34","modified_gmt":"2021-04-27T15:38:34","slug":"coronavirus-la-provincia-comenzo-el-monitoreo-de-pacientes-tratados-con-suero-equino","status":"publish","type":"post","link":"https:\/\/eldiariodesanpedro.com.ar\/sitio\/coronavirus-la-provincia-comenzo-el-monitoreo-de-pacientes-tratados-con-suero-equino\/","title":{"rendered":"Coronavirus: La provincia comenz\u00f3 el monitoreo de pacientes tratados con suero equino"},"content":{"rendered":"<!-- VideographyWP Plugin Message: Automatic video embedding prevented by plugin options. -->\n\n<p>El suero hiperinmune para tratar pacientes con coronavirus se encuentra en fase 3 y ya cuenta con una publicaci\u00f3n en The Lancet.<\/p>\n\n\n\n<p>El Ministerio de Salud de la&nbsp;Provincia&nbsp;de Buenos Aires anunci\u00f3 que participa del seguimiento a pacientes tratados con el medicamento desarrollado por el laboratorio Inmunova, que busca monitorear la seguridad y la eficacia del uso del suero equino hiperinmune en pacientes con&nbsp;coronavirus.<\/p>\n\n\n\n<p>Seg\u00fan la cartera sanitaria, los datos arrojados en el monitoreo del procedimiento aplicado en 1.670 personas confirmaron que puede constituirse como una herramienta m\u00e1s en la batalla contra la enfermedad.<\/p>\n\n\n\n<p>Ver\u00f3nica Gonz\u00e1les, directora de la investigaci\u00f3n explic\u00f3: \u201cNos produce una enorme satisfacci\u00f3n conocer estos nuevos datos, puesto que al aumentar la cantidad de personas que utilizan este medicamento cada vez se incrementa m\u00e1s la tendencia a un beneficio en el tratamiento con suero equino, como el que estamos realizando en la Provincia\u201d.<\/p>\n\n\n\n<p>Del mismo modo, la comparaci\u00f3n con datos del estudio Recovery (NEJM, 2021) indican que la mortalidad alcanza 26,2% en pacientes severos que reciben placebo, mientras que en la aplicaci\u00f3n del suero equino en el mismo estadio de la infecci\u00f3n, la mortalidad desciende al 12,3%.<\/p>\n\n\n\n<p>Adem\u00e1s, del total de infectados que recibieron suero equino hiperinmune, s\u00f3lo el 8,8% necesit\u00f3 de asistencia mec\u00e1nica respiratoria, y un 10,3% ingres\u00f3 a terapia intensiva.El monitoreo sobre la eficacia y seguridad del m\u00e9todo, lo lleva a cabo INMUNOVA. Su uso est\u00e1 en evaluaci\u00f3n y ya fue aplicado en 1.670 pacientes.<\/p>\n\n\n\n<p>El laboratorio biotecnol\u00f3gico Inmunova ya cuenta con una publicaci\u00f3n, en una revista m\u00e9dica del grupo&nbsp;The Lancet, de los resultados del estudio cl\u00ednico de las fases 2 y 3 sobre el suero equino hiperinmune para el tratamiento del coronavirus y desarrollado por cient\u00edficos del Conicet, que ya se aplic\u00f3 a m\u00e1s de 1.670 pacientes en 16 provincias.<\/p>\n\n\n\n<p>La publicaci\u00f3n se encuentra en EClinicalMedicine, parte de la prestigiosa editorial m\u00e9dica y cuenta con un sistema de revisi\u00f3n por pares y de acceso abierto. La publicaci\u00f3n representa un aval para este suero desarrollado de manera conjunta entre cient\u00edficos p\u00fablicos y privados.<\/p>\n\n\n\n<p>Fuente: Infocielo<\/p>\n","protected":false},"excerpt":{"rendered":"<p>El suero hiperinmune para tratar pacientes con coronavirus se encuentra en fase 3 y ya cuenta con una publicaci\u00f3n en The Lancet. El Ministerio de Salud de la&nbsp;Provincia&nbsp;de Buenos Aires anunci\u00f3 que participa del seguimiento a pacientes tratados con el medicamento desarrollado por el laboratorio Inmunova, que busca monitorear la seguridad y la eficacia del [&hellip;]<\/p>\n","protected":false},"author":4,"featured_media":91546,"comment_status":"open","ping_status":"closed","sticky":false,"template":"","format":"standard","meta":{"om_disable_all_campaigns":false,"_jetpack_memberships_contains_paid_content":false,"footnotes":""},"categories":[621],"tags":[],"class_list":["post-91545","post","type-post","status-publish","format-standard","has-post-thumbnail","hentry","category-regionales"],"aioseo_notices":[],"gutentor_comment":0,"jetpack_featured_media_url":"https:\/\/eldiariodesanpedro.com.ar\/sitio\/wp-content\/uploads\/2021\/04\/000091147.jpg","jetpack_shortlink":"https:\/\/wp.me\/p6RhLt-nOx","jetpack_sharing_enabled":true,"_links":{"self":[{"href":"https:\/\/eldiariodesanpedro.com.ar\/sitio\/wp-json\/wp\/v2\/posts\/91545","targetHints":{"allow":["GET"]}}],"collection":[{"href":"https:\/\/eldiariodesanpedro.com.ar\/sitio\/wp-json\/wp\/v2\/posts"}],"about":[{"href":"https:\/\/eldiariodesanpedro.com.ar\/sitio\/wp-json\/wp\/v2\/types\/post"}],"author":[{"embeddable":true,"href":"https:\/\/eldiariodesanpedro.com.ar\/sitio\/wp-json\/wp\/v2\/users\/4"}],"replies":[{"embeddable":true,"href":"https:\/\/eldiariodesanpedro.com.ar\/sitio\/wp-json\/wp\/v2\/comments?post=91545"}],"version-history":[{"count":1,"href":"https:\/\/eldiariodesanpedro.com.ar\/sitio\/wp-json\/wp\/v2\/posts\/91545\/revisions"}],"predecessor-version":[{"id":91547,"href":"https:\/\/eldiariodesanpedro.com.ar\/sitio\/wp-json\/wp\/v2\/posts\/91545\/revisions\/91547"}],"wp:featuredmedia":[{"embeddable":true,"href":"https:\/\/eldiariodesanpedro.com.ar\/sitio\/wp-json\/wp\/v2\/media\/91546"}],"wp:attachment":[{"href":"https:\/\/eldiariodesanpedro.com.ar\/sitio\/wp-json\/wp\/v2\/media?parent=91545"}],"wp:term":[{"taxonomy":"category","embeddable":true,"href":"https:\/\/eldiariodesanpedro.com.ar\/sitio\/wp-json\/wp\/v2\/categories?post=91545"},{"taxonomy":"post_tag","embeddable":true,"href":"https:\/\/eldiariodesanpedro.com.ar\/sitio\/wp-json\/wp\/v2\/tags?post=91545"}],"curies":[{"name":"wp","href":"https:\/\/api.w.org\/{rel}","templated":true}]}}