{"id":91534,"date":"2021-04-27T12:04:40","date_gmt":"2021-04-27T15:04:40","guid":{"rendered":"https:\/\/eldiariodesanpedro.com.ar\/sitio\/?p=91534"},"modified":"2021-04-27T12:04:45","modified_gmt":"2021-04-27T15:04:45","slug":"juegos-bonaerenses-se-encuentra-abierta-la-inscripcion-para-estudiantes-universitarios-y-de-nivel-terciario","status":"publish","type":"post","link":"https:\/\/eldiariodesanpedro.com.ar\/sitio\/juegos-bonaerenses-se-encuentra-abierta-la-inscripcion-para-estudiantes-universitarios-y-de-nivel-terciario\/","title":{"rendered":"Juegos Bonaerenses: Se encuentra abierta la inscripci\u00f3n para estudiantes Universitarios y de nivel terciario"},"content":{"rendered":"<!-- VideographyWP Plugin Message: Automatic video embedding prevented by plugin options. -->\n\n<p>Categor\u00eda Universtario <a href=\"https:\/\/www.facebook.com\/hashtag\/juegos30a%C3%B1os?__eep__=6&amp;__cft__[0]=AZVQnNfGNRr_83MC0r6zbjCApBwoDCTTSZm9hNuFXXtaxkmIm7zYNNgNdSG5MMhSlhTCdA6u2EUQZBnBZ_SS04Vtu2eCbW2F-SVmD7Zpe1Lv6MeWna3Xuj6KlTmxSFY743dWlZI59mKw0zMFU8aZMxWl31I21fqL8GepNQbva4DSBw&amp;__tn__=*NK-y-R\">#Juegos30a\u00f1os<\/a> |  SE ENCUENTRA ABIERTA LA INSCRIPCI\u00d3N PARA ESTUDIANTES UNIVERSITARIOS y DE NIVEL TERCIARIO<\/p>\n\n\n\n<p>Esta nueva categor\u00eda se estrena en los <a href=\"https:\/\/www.facebook.com\/hashtag\/juegosbonaerenses2021?__eep__=6&amp;__cft__[0]=AZVQnNfGNRr_83MC0r6zbjCApBwoDCTTSZm9hNuFXXtaxkmIm7zYNNgNdSG5MMhSlhTCdA6u2EUQZBnBZ_SS04Vtu2eCbW2F-SVmD7Zpe1Lv6MeWna3Xuj6KlTmxSFY743dWlZI59mKw0zMFU8aZMxWl31I21fqL8GepNQbva4DSBw&amp;__tn__=*NK-y-R\">#JuegosBonaerenses2021<\/a>! Destinado a personas nacidas entre los a\u00f1os 1962 y 2003 inclusive (con certificado de estudiante universitario regular). <\/p>\n\n\n\n<p>Participar\u00e1n representando al municipio bonaerense del cual sean residentes y figure en el DNI al 31 de diciembre de 2020.<\/p>\n\n\n\n<p>La inscripci\u00f3n ser\u00e1 libre y gratuita, y se efectuar\u00e1 ingresando a <a rel=\"noreferrer noopener\" href=\"https:\/\/plenus.juegos.gba.gob.ar\/?fbclid=IwAR0VyMCvgp4ZOdZJIwt5eNlAaja_J6Mnhb5EDlwa6ZvhHAFzdQi9MNyel3o\" target=\"_blank\">http:\/\/plenus.juegos.gba.gob.ar<\/a> o en el Centro Cultural Abelardo Castillo de 08 a 20 hs.<\/p>\n\n\n\n<p>Ten\u00e9s tiempo hasta el 31 de mayo 2021.<\/p>\n","protected":false},"excerpt":{"rendered":"<p>Categor\u00eda Universtario #Juegos30a\u00f1os | SE ENCUENTRA ABIERTA LA INSCRIPCI\u00d3N PARA ESTUDIANTES UNIVERSITARIOS y DE NIVEL TERCIARIO Esta nueva categor\u00eda se estrena en los #JuegosBonaerenses2021! Destinado a personas nacidas entre los a\u00f1os 1962 y 2003 inclusive (con certificado de estudiante universitario regular). Participar\u00e1n representando al municipio bonaerense del cual sean residentes y figure en el DNI [&hellip;]<\/p>\n","protected":false},"author":4,"featured_media":91535,"comment_status":"open","ping_status":"closed","sticky":false,"template":"","format":"standard","meta":{"om_disable_all_campaigns":false,"_jetpack_memberships_contains_paid_content":false,"footnotes":""},"categories":[101,2],"tags":[],"class_list":["post-91534","post","type-post","status-publish","format-standard","has-post-thumbnail","hentry","category-interes-general-locales","category-locales"],"aioseo_notices":[],"gutentor_comment":0,"jetpack_featured_media_url":"https:\/\/eldiariodesanpedro.com.ar\/sitio\/wp-content\/uploads\/2021\/04\/176265242_1925380104280997_6412027978134765192_n.png","jetpack_shortlink":"https:\/\/wp.me\/p6RhLt-nOm","jetpack_sharing_enabled":true,"_links":{"self":[{"href":"https:\/\/eldiariodesanpedro.com.ar\/sitio\/wp-json\/wp\/v2\/posts\/91534","targetHints":{"allow":["GET"]}}],"collection":[{"href":"https:\/\/eldiariodesanpedro.com.ar\/sitio\/wp-json\/wp\/v2\/posts"}],"about":[{"href":"https:\/\/eldiariodesanpedro.com.ar\/sitio\/wp-json\/wp\/v2\/types\/post"}],"author":[{"embeddable":true,"href":"https:\/\/eldiariodesanpedro.com.ar\/sitio\/wp-json\/wp\/v2\/users\/4"}],"replies":[{"embeddable":true,"href":"https:\/\/eldiariodesanpedro.com.ar\/sitio\/wp-json\/wp\/v2\/comments?post=91534"}],"version-history":[{"count":1,"href":"https:\/\/eldiariodesanpedro.com.ar\/sitio\/wp-json\/wp\/v2\/posts\/91534\/revisions"}],"predecessor-version":[{"id":91536,"href":"https:\/\/eldiariodesanpedro.com.ar\/sitio\/wp-json\/wp\/v2\/posts\/91534\/revisions\/91536"}],"wp:featuredmedia":[{"embeddable":true,"href":"https:\/\/eldiariodesanpedro.com.ar\/sitio\/wp-json\/wp\/v2\/media\/91535"}],"wp:attachment":[{"href":"https:\/\/eldiariodesanpedro.com.ar\/sitio\/wp-json\/wp\/v2\/media?parent=91534"}],"wp:term":[{"taxonomy":"category","embeddable":true,"href":"https:\/\/eldiariodesanpedro.com.ar\/sitio\/wp-json\/wp\/v2\/categories?post=91534"},{"taxonomy":"post_tag","embeddable":true,"href":"https:\/\/eldiariodesanpedro.com.ar\/sitio\/wp-json\/wp\/v2\/tags?post=91534"}],"curies":[{"name":"wp","href":"https:\/\/api.w.org\/{rel}","templated":true}]}}