{"id":91531,"date":"2021-04-27T11:49:41","date_gmt":"2021-04-27T14:49:41","guid":{"rendered":"https:\/\/eldiariodesanpedro.com.ar\/sitio\/?p=91531"},"modified":"2021-04-27T11:49:45","modified_gmt":"2021-04-27T14:49:45","slug":"campana-de-vacunacion-para-perros-y-gatos-en-el-barrio-arco-iris","status":"publish","type":"post","link":"https:\/\/eldiariodesanpedro.com.ar\/sitio\/campana-de-vacunacion-para-perros-y-gatos-en-el-barrio-arco-iris\/","title":{"rendered":"Campa\u00f1a de vacunaci\u00f3n para perros y gatos en el barrio Arco Iris"},"content":{"rendered":"<!-- VideographyWP Plugin Message: Automatic video embedding prevented by plugin options. -->\n\n<p>El Departamento Canino contin\u00faa con la campa\u00f1a de vacunaci\u00f3n para perros y gatos. Este mi\u00e9rcoles 28 de abril se instalar\u00e1 un equipo del \u00e1rea en la Sala Arco Iris (Petrona Simonino y Payador Sampedrino).&nbsp;<\/p>\n\n\n\n<p>Quienes deseen acercar sus mascotas, pueden hacerlo entre las 8.30 y 12.30 hs, y todos los animales deber\u00e1n tener collar, correa y\/o bozal<\/p>\n","protected":false},"excerpt":{"rendered":"<p>El Departamento Canino contin\u00faa con la campa\u00f1a de vacunaci\u00f3n para perros y gatos. Este mi\u00e9rcoles 28 de abril se instalar\u00e1 un equipo del \u00e1rea en la Sala Arco Iris (Petrona Simonino y Payador Sampedrino).&nbsp; Quienes deseen acercar sus mascotas, pueden hacerlo entre las 8.30 y 12.30 hs, y todos los animales deber\u00e1n tener collar, correa [&hellip;]<\/p>\n","protected":false},"author":4,"featured_media":91532,"comment_status":"open","ping_status":"closed","sticky":false,"template":"","format":"standard","meta":{"om_disable_all_campaigns":false,"_jetpack_memberships_contains_paid_content":false,"footnotes":""},"categories":[101,2],"tags":[],"class_list":["post-91531","post","type-post","status-publish","format-standard","has-post-thumbnail","hentry","category-interes-general-locales","category-locales"],"aioseo_notices":[],"gutentor_comment":0,"jetpack_featured_media_url":"https:\/\/eldiariodesanpedro.com.ar\/sitio\/wp-content\/uploads\/2021\/04\/Vacunacion-barrio-Arco-Iris.png","jetpack_shortlink":"https:\/\/wp.me\/p6RhLt-nOj","jetpack_sharing_enabled":true,"_links":{"self":[{"href":"https:\/\/eldiariodesanpedro.com.ar\/sitio\/wp-json\/wp\/v2\/posts\/91531","targetHints":{"allow":["GET"]}}],"collection":[{"href":"https:\/\/eldiariodesanpedro.com.ar\/sitio\/wp-json\/wp\/v2\/posts"}],"about":[{"href":"https:\/\/eldiariodesanpedro.com.ar\/sitio\/wp-json\/wp\/v2\/types\/post"}],"author":[{"embeddable":true,"href":"https:\/\/eldiariodesanpedro.com.ar\/sitio\/wp-json\/wp\/v2\/users\/4"}],"replies":[{"embeddable":true,"href":"https:\/\/eldiariodesanpedro.com.ar\/sitio\/wp-json\/wp\/v2\/comments?post=91531"}],"version-history":[{"count":1,"href":"https:\/\/eldiariodesanpedro.com.ar\/sitio\/wp-json\/wp\/v2\/posts\/91531\/revisions"}],"predecessor-version":[{"id":91533,"href":"https:\/\/eldiariodesanpedro.com.ar\/sitio\/wp-json\/wp\/v2\/posts\/91531\/revisions\/91533"}],"wp:featuredmedia":[{"embeddable":true,"href":"https:\/\/eldiariodesanpedro.com.ar\/sitio\/wp-json\/wp\/v2\/media\/91532"}],"wp:attachment":[{"href":"https:\/\/eldiariodesanpedro.com.ar\/sitio\/wp-json\/wp\/v2\/media?parent=91531"}],"wp:term":[{"taxonomy":"category","embeddable":true,"href":"https:\/\/eldiariodesanpedro.com.ar\/sitio\/wp-json\/wp\/v2\/categories?post=91531"},{"taxonomy":"post_tag","embeddable":true,"href":"https:\/\/eldiariodesanpedro.com.ar\/sitio\/wp-json\/wp\/v2\/tags?post=91531"}],"curies":[{"name":"wp","href":"https:\/\/api.w.org\/{rel}","templated":true}]}}