{"id":91529,"date":"2021-04-27T11:40:22","date_gmt":"2021-04-27T14:40:22","guid":{"rendered":"https:\/\/eldiariodesanpedro.com.ar\/sitio\/?p=91529"},"modified":"2021-04-27T13:35:08","modified_gmt":"2021-04-27T16:35:08","slug":"usurparon-y-desvalijaron-la-casa-del-joven-discapacitado-que-era-abusado-por-su-padrastro","status":"publish","type":"post","link":"https:\/\/eldiariodesanpedro.com.ar\/sitio\/usurparon-y-desvalijaron-la-casa-del-joven-discapacitado-que-era-abusado-por-su-padrastro\/","title":{"rendered":"Usurparon y desvalijaron la casa del joven discapacitado que era abusado por su padrastro"},"content":{"rendered":"<!-- VideographyWP Plugin Message: Automatic video embedding prevented by plugin options. -->\n\n<p>Seg\u00fan se denunciaron vecinos de la vivienda hace d\u00edas atr\u00e1s que la casa quedo abandonada tras la detenci\u00f3n del supuesto abusador de la persona con discapacidad que se escapo de la vivienda para poder denunciar.<\/p>\n\n\n\n<p>Recordemos que todo comenz\u00f3 en los primeros d\u00edas de abril cuando un ciudadano con discapacidad de 37 a\u00f1os de edad que viv\u00eda con su padrastro logra escapar y poder hablar con un vecino para poder denunciar el abuso que estaba sufriendo estando encerrado dentro de la vivienda y que ya es de publico conocimiento.<\/p>\n\n\n\n<p>Tras la denuncia el hombre acusado de los abusos permanece alojado en la comisaria local detenido de manera preventiva, y la victima permanece viviendo al cuidado de un t\u00edo en otra vivienda, por lo que la casa en la que viv\u00eda con el padrastro se encuentra deshabitada.<\/p>\n\n\n\n<p>Seg\u00fan denunciaron los vecinos la vivienda fue usurpadas por personas ajenas a la familia, y adem\u00e1s se pudo constatar que robaron todos los vienes que se encontraban dentro, hasta se robaron aberturas y est\u00e1n destruyendo paredes con intensiones de derrumbar la vivienda.<\/p>\n\n\n\n<p>Cabe recordar que la vivienda en realidad pertenece a la persona victima de todo esto ya que su madre se la hab\u00eda dejado como herencia, pero estando a cargo del hombre acusado de ser el abusador. <\/p>\n","protected":false},"excerpt":{"rendered":"<p>Seg\u00fan se denunciaron vecinos de la vivienda hace d\u00edas atr\u00e1s que la casa quedo abandonada tras la detenci\u00f3n del supuesto abusador de la persona con discapacidad que se escapo de la vivienda para poder denunciar. Recordemos que todo comenz\u00f3 en los primeros d\u00edas de abril cuando un ciudadano con discapacidad de 37 a\u00f1os de edad [&hellip;]<\/p>\n","protected":false},"author":4,"featured_media":78843,"comment_status":"open","ping_status":"closed","sticky":false,"template":"","format":"standard","meta":{"om_disable_all_campaigns":false,"_jetpack_memberships_contains_paid_content":false,"footnotes":""},"categories":[50,2,103],"tags":[],"class_list":["post-91529","post","type-post","status-publish","format-standard","has-post-thumbnail","hentry","category-destacadas","category-locales","category-policiales-locales"],"aioseo_notices":[],"gutentor_comment":0,"jetpack_featured_media_url":"https:\/\/eldiariodesanpedro.com.ar\/sitio\/wp-content\/uploads\/2020\/08\/0.jpg","jetpack_shortlink":"https:\/\/wp.me\/p6RhLt-nOh","jetpack_sharing_enabled":true,"_links":{"self":[{"href":"https:\/\/eldiariodesanpedro.com.ar\/sitio\/wp-json\/wp\/v2\/posts\/91529","targetHints":{"allow":["GET"]}}],"collection":[{"href":"https:\/\/eldiariodesanpedro.com.ar\/sitio\/wp-json\/wp\/v2\/posts"}],"about":[{"href":"https:\/\/eldiariodesanpedro.com.ar\/sitio\/wp-json\/wp\/v2\/types\/post"}],"author":[{"embeddable":true,"href":"https:\/\/eldiariodesanpedro.com.ar\/sitio\/wp-json\/wp\/v2\/users\/4"}],"replies":[{"embeddable":true,"href":"https:\/\/eldiariodesanpedro.com.ar\/sitio\/wp-json\/wp\/v2\/comments?post=91529"}],"version-history":[{"count":2,"href":"https:\/\/eldiariodesanpedro.com.ar\/sitio\/wp-json\/wp\/v2\/posts\/91529\/revisions"}],"predecessor-version":[{"id":91551,"href":"https:\/\/eldiariodesanpedro.com.ar\/sitio\/wp-json\/wp\/v2\/posts\/91529\/revisions\/91551"}],"wp:featuredmedia":[{"embeddable":true,"href":"https:\/\/eldiariodesanpedro.com.ar\/sitio\/wp-json\/wp\/v2\/media\/78843"}],"wp:attachment":[{"href":"https:\/\/eldiariodesanpedro.com.ar\/sitio\/wp-json\/wp\/v2\/media?parent=91529"}],"wp:term":[{"taxonomy":"category","embeddable":true,"href":"https:\/\/eldiariodesanpedro.com.ar\/sitio\/wp-json\/wp\/v2\/categories?post=91529"},{"taxonomy":"post_tag","embeddable":true,"href":"https:\/\/eldiariodesanpedro.com.ar\/sitio\/wp-json\/wp\/v2\/tags?post=91529"}],"curies":[{"name":"wp","href":"https:\/\/api.w.org\/{rel}","templated":true}]}}