{"id":91525,"date":"2021-04-27T11:06:45","date_gmt":"2021-04-27T14:06:45","guid":{"rendered":"https:\/\/eldiariodesanpedro.com.ar\/sitio\/?p=91525"},"modified":"2021-04-27T11:06:49","modified_gmt":"2021-04-27T14:06:49","slug":"celina-bronce-asumira-como-nueva-directora-municipal-de-educacion","status":"publish","type":"post","link":"https:\/\/eldiariodesanpedro.com.ar\/sitio\/celina-bronce-asumira-como-nueva-directora-municipal-de-educacion\/","title":{"rendered":"Celina Bronce asumir\u00e1 como nueva Directora Municipal de Educaci\u00f3n"},"content":{"rendered":"<!-- VideographyWP Plugin Message: Automatic video embedding prevented by plugin options. -->\n\n<p>Se trata de la hija del recordado Domingo Bronce, ya ven\u00eda desempe\u00f1\u00e1ndose en el \u00e1mbito municipal y fue elegida por el Intendente Municipal.<\/p>\n\n\n\n<p>Luego de decidir la salida de Luciano Juhant del cargo, el Intendente Municipal Cecilio Salazar design\u00f3 a Celina Bronce como nueva Directora Municipal de Educaci\u00f3n.<\/p>\n\n\n\n<p>La flamante funcionaria ya se ven\u00eda desempe\u00f1ando en el \u00e1mbito municipal dependiente de la Secretar\u00eda de Desarrollo Humano \u201crealizando un excelente trabajo de campo\u201d, hab\u00eda dicho Salazar, y desde el primer d\u00eda de mayo quedar\u00e1 oficializada en esa Direcci\u00f3n.<\/p>\n\n\n\n<p>Celina Bronce es hija del ex delegado municipal de R\u00edo Tala Domingo Bronce, de intachable desempe\u00f1o como funcionario municipal en distintas gestiones quien falleciera hace pocos meses por un cuadro de Covid.<\/p>\n\n\n\n<p>Fuente: <a href=\"https:\/\/www.sanpedroinforma.com.ar\/nota\/124153\/politica\/celina-bronce-asumira-como-nueva-directora-municipal-de-educacion.html\">San Pedro informa<\/a><\/p>\n","protected":false},"excerpt":{"rendered":"<p>Se trata de la hija del recordado Domingo Bronce, ya ven\u00eda desempe\u00f1\u00e1ndose en el \u00e1mbito municipal y fue elegida por el Intendente Municipal. Luego de decidir la salida de Luciano Juhant del cargo, el Intendente Municipal Cecilio Salazar design\u00f3 a Celina Bronce como nueva Directora Municipal de Educaci\u00f3n. La flamante funcionaria ya se ven\u00eda desempe\u00f1ando [&hellip;]<\/p>\n","protected":false},"author":4,"featured_media":91526,"comment_status":"open","ping_status":"closed","sticky":false,"template":"","format":"standard","meta":{"om_disable_all_campaigns":false,"_jetpack_memberships_contains_paid_content":false,"footnotes":""},"categories":[50,101,2],"tags":[],"class_list":["post-91525","post","type-post","status-publish","format-standard","has-post-thumbnail","hentry","category-destacadas","category-interes-general-locales","category-locales"],"aioseo_notices":[],"gutentor_comment":0,"jetpack_featured_media_url":"https:\/\/eldiariodesanpedro.com.ar\/sitio\/wp-content\/uploads\/2021\/04\/000091155.jpg","jetpack_shortlink":"https:\/\/wp.me\/p6RhLt-nOd","jetpack_sharing_enabled":true,"_links":{"self":[{"href":"https:\/\/eldiariodesanpedro.com.ar\/sitio\/wp-json\/wp\/v2\/posts\/91525","targetHints":{"allow":["GET"]}}],"collection":[{"href":"https:\/\/eldiariodesanpedro.com.ar\/sitio\/wp-json\/wp\/v2\/posts"}],"about":[{"href":"https:\/\/eldiariodesanpedro.com.ar\/sitio\/wp-json\/wp\/v2\/types\/post"}],"author":[{"embeddable":true,"href":"https:\/\/eldiariodesanpedro.com.ar\/sitio\/wp-json\/wp\/v2\/users\/4"}],"replies":[{"embeddable":true,"href":"https:\/\/eldiariodesanpedro.com.ar\/sitio\/wp-json\/wp\/v2\/comments?post=91525"}],"version-history":[{"count":1,"href":"https:\/\/eldiariodesanpedro.com.ar\/sitio\/wp-json\/wp\/v2\/posts\/91525\/revisions"}],"predecessor-version":[{"id":91527,"href":"https:\/\/eldiariodesanpedro.com.ar\/sitio\/wp-json\/wp\/v2\/posts\/91525\/revisions\/91527"}],"wp:featuredmedia":[{"embeddable":true,"href":"https:\/\/eldiariodesanpedro.com.ar\/sitio\/wp-json\/wp\/v2\/media\/91526"}],"wp:attachment":[{"href":"https:\/\/eldiariodesanpedro.com.ar\/sitio\/wp-json\/wp\/v2\/media?parent=91525"}],"wp:term":[{"taxonomy":"category","embeddable":true,"href":"https:\/\/eldiariodesanpedro.com.ar\/sitio\/wp-json\/wp\/v2\/categories?post=91525"},{"taxonomy":"post_tag","embeddable":true,"href":"https:\/\/eldiariodesanpedro.com.ar\/sitio\/wp-json\/wp\/v2\/tags?post=91525"}],"curies":[{"name":"wp","href":"https:\/\/api.w.org\/{rel}","templated":true}]}}