{"id":91514,"date":"2021-04-27T10:43:10","date_gmt":"2021-04-27T13:43:10","guid":{"rendered":"https:\/\/eldiariodesanpedro.com.ar\/sitio\/?p=91514"},"modified":"2021-04-27T10:43:14","modified_gmt":"2021-04-27T13:43:14","slug":"seis-personas-aprehendidas-en-la-via-publica-por-consumo-de-estupefacientes","status":"publish","type":"post","link":"https:\/\/eldiariodesanpedro.com.ar\/sitio\/seis-personas-aprehendidas-en-la-via-publica-por-consumo-de-estupefacientes\/","title":{"rendered":"Seis personas aprehendidas en la v\u00eda p\u00fablica por consumo de estupefacientes"},"content":{"rendered":"<!-- VideographyWP Plugin Message: Automatic video embedding prevented by plugin options. -->\n\n<p>El personal policial de la comisar\u00eda en las \u00faltimas horas realiz\u00f3 seis procedimientos similares en distintos horarios y lugares de la ciudad, trasladando a seis masculinos de 4 mayores y 2 menores de edad a quienes se le secuestr\u00f3 en su poder sustancia marihuana, en \u00ednfimo pesaje.&nbsp;<\/p>\n\n\n\n<p>Se labraron actuaciones judiciales con intervenci\u00f3n de la justicia local y la fiscal\u00eda de menores de San Nicol\u00e1s.<\/p>\n","protected":false},"excerpt":{"rendered":"<p>El personal policial de la comisar\u00eda en las \u00faltimas horas realiz\u00f3 seis procedimientos similares en distintos horarios y lugares de la ciudad, trasladando a seis masculinos de 4 mayores y 2 menores de edad a quienes se le secuestr\u00f3 en su poder sustancia marihuana, en \u00ednfimo pesaje.&nbsp; Se labraron actuaciones judiciales con intervenci\u00f3n de la [&hellip;]<\/p>\n","protected":false},"author":4,"featured_media":68206,"comment_status":"open","ping_status":"closed","sticky":false,"template":"","format":"standard","meta":{"om_disable_all_campaigns":false,"_jetpack_memberships_contains_paid_content":false,"footnotes":""},"categories":[2,103],"tags":[],"class_list":["post-91514","post","type-post","status-publish","format-standard","has-post-thumbnail","hentry","category-locales","category-policiales-locales"],"aioseo_notices":[],"gutentor_comment":0,"jetpack_featured_media_url":"https:\/\/eldiariodesanpedro.com.ar\/sitio\/wp-content\/uploads\/2020\/02\/SUJETOS-DETENIDOS.jpg","jetpack_shortlink":"https:\/\/wp.me\/p6RhLt-nO2","jetpack_sharing_enabled":true,"_links":{"self":[{"href":"https:\/\/eldiariodesanpedro.com.ar\/sitio\/wp-json\/wp\/v2\/posts\/91514","targetHints":{"allow":["GET"]}}],"collection":[{"href":"https:\/\/eldiariodesanpedro.com.ar\/sitio\/wp-json\/wp\/v2\/posts"}],"about":[{"href":"https:\/\/eldiariodesanpedro.com.ar\/sitio\/wp-json\/wp\/v2\/types\/post"}],"author":[{"embeddable":true,"href":"https:\/\/eldiariodesanpedro.com.ar\/sitio\/wp-json\/wp\/v2\/users\/4"}],"replies":[{"embeddable":true,"href":"https:\/\/eldiariodesanpedro.com.ar\/sitio\/wp-json\/wp\/v2\/comments?post=91514"}],"version-history":[{"count":1,"href":"https:\/\/eldiariodesanpedro.com.ar\/sitio\/wp-json\/wp\/v2\/posts\/91514\/revisions"}],"predecessor-version":[{"id":91515,"href":"https:\/\/eldiariodesanpedro.com.ar\/sitio\/wp-json\/wp\/v2\/posts\/91514\/revisions\/91515"}],"wp:featuredmedia":[{"embeddable":true,"href":"https:\/\/eldiariodesanpedro.com.ar\/sitio\/wp-json\/wp\/v2\/media\/68206"}],"wp:attachment":[{"href":"https:\/\/eldiariodesanpedro.com.ar\/sitio\/wp-json\/wp\/v2\/media?parent=91514"}],"wp:term":[{"taxonomy":"category","embeddable":true,"href":"https:\/\/eldiariodesanpedro.com.ar\/sitio\/wp-json\/wp\/v2\/categories?post=91514"},{"taxonomy":"post_tag","embeddable":true,"href":"https:\/\/eldiariodesanpedro.com.ar\/sitio\/wp-json\/wp\/v2\/tags?post=91514"}],"curies":[{"name":"wp","href":"https:\/\/api.w.org\/{rel}","templated":true}]}}