{"id":91511,"date":"2021-04-27T10:31:40","date_gmt":"2021-04-27T13:31:40","guid":{"rendered":"https:\/\/eldiariodesanpedro.com.ar\/sitio\/?p=91511"},"modified":"2021-04-27T10:31:44","modified_gmt":"2021-04-27T13:31:44","slug":"se-recupera-un-celular-que-fue-robado-lo-devolvio-una-mujer-que-lo-compro-barato-pero-quedo-imputada-de-encubrimiento","status":"publish","type":"post","link":"https:\/\/eldiariodesanpedro.com.ar\/sitio\/se-recupera-un-celular-que-fue-robado-lo-devolvio-una-mujer-que-lo-compro-barato-pero-quedo-imputada-de-encubrimiento\/","title":{"rendered":"Se recupera un celular que fue robado, lo devolvi\u00f3 una mujer que lo compro barato pero quedo imputada de encubrimiento"},"content":{"rendered":"<!-- VideographyWP Plugin Message: Automatic video embedding prevented by plugin options. -->\n\n<p>El personal policial del gabinete criminol\u00f3gico de la comisar\u00eda en la tarde de ayer, diligenci\u00f3 una orden de allanamiento extendida por la justicia ordinaria, en el marco de hecho de robo, que se investigaba.&nbsp;<\/p>\n\n\n\n<p>La diligencia tuvo lugar en calle Molina s\/n all\u00ed se buscaba un tel\u00e9fono celular, que no fue encontrado. La diligencia fue consecuencia de los datos aportados en cuanto a que el tel\u00e9fono celular sustra\u00eddo estaba siendo ofrecido a la venta por redes sociales.&nbsp;<\/p>\n\n\n\n<p>Posterior a la diligencia, se present\u00f3 una mujer de 20 a\u00f1os&nbsp; de edad, haciendo entrega a la polic\u00eda del tel\u00e9fono celular buscado, ya que lo hab\u00eda adquirido a bajo costo.&nbsp;<\/p>\n\n\n\n<p>El celular ya recuperado se encuentra secuestrado a disposici\u00f3n judicial, mientras que la mujer qued\u00f3 imputada del delito de encubrimiento por robo.<\/p>\n\n\n\n<p>El hecho inicial fue denunciado en la noche del domingo pasado, cuando un joven de 20 a\u00f1os de edad, en momento que se dirigi\u00f3 a entregar un pedido, ya que hace viajes en bicicleta (eco viajes), en molina s\/n, masculino, tras efectuar golpes de pu\u00f1o en rostro le sustrae el tel\u00e9fono celular, ahora recuperado.&nbsp;<\/p>\n","protected":false},"excerpt":{"rendered":"<p>El personal policial del gabinete criminol\u00f3gico de la comisar\u00eda en la tarde de ayer, diligenci\u00f3 una orden de allanamiento extendida por la justicia ordinaria, en el marco de hecho de robo, que se investigaba.&nbsp; La diligencia tuvo lugar en calle Molina s\/n all\u00ed se buscaba un tel\u00e9fono celular, que no fue encontrado. La diligencia fue [&hellip;]<\/p>\n","protected":false},"author":4,"featured_media":91512,"comment_status":"open","ping_status":"closed","sticky":false,"template":"","format":"standard","meta":{"om_disable_all_campaigns":false,"_jetpack_memberships_contains_paid_content":false,"footnotes":""},"categories":[50,2,103],"tags":[],"class_list":["post-91511","post","type-post","status-publish","format-standard","has-post-thumbnail","hentry","category-destacadas","category-locales","category-policiales-locales"],"aioseo_notices":[],"gutentor_comment":0,"jetpack_featured_media_url":"https:\/\/eldiariodesanpedro.com.ar\/sitio\/wp-content\/uploads\/2021\/04\/WhatsApp-Image-2021-04-27-at-10.08.30.jpeg","jetpack_shortlink":"https:\/\/wp.me\/p6RhLt-nNZ","jetpack_sharing_enabled":true,"_links":{"self":[{"href":"https:\/\/eldiariodesanpedro.com.ar\/sitio\/wp-json\/wp\/v2\/posts\/91511","targetHints":{"allow":["GET"]}}],"collection":[{"href":"https:\/\/eldiariodesanpedro.com.ar\/sitio\/wp-json\/wp\/v2\/posts"}],"about":[{"href":"https:\/\/eldiariodesanpedro.com.ar\/sitio\/wp-json\/wp\/v2\/types\/post"}],"author":[{"embeddable":true,"href":"https:\/\/eldiariodesanpedro.com.ar\/sitio\/wp-json\/wp\/v2\/users\/4"}],"replies":[{"embeddable":true,"href":"https:\/\/eldiariodesanpedro.com.ar\/sitio\/wp-json\/wp\/v2\/comments?post=91511"}],"version-history":[{"count":1,"href":"https:\/\/eldiariodesanpedro.com.ar\/sitio\/wp-json\/wp\/v2\/posts\/91511\/revisions"}],"predecessor-version":[{"id":91513,"href":"https:\/\/eldiariodesanpedro.com.ar\/sitio\/wp-json\/wp\/v2\/posts\/91511\/revisions\/91513"}],"wp:featuredmedia":[{"embeddable":true,"href":"https:\/\/eldiariodesanpedro.com.ar\/sitio\/wp-json\/wp\/v2\/media\/91512"}],"wp:attachment":[{"href":"https:\/\/eldiariodesanpedro.com.ar\/sitio\/wp-json\/wp\/v2\/media?parent=91511"}],"wp:term":[{"taxonomy":"category","embeddable":true,"href":"https:\/\/eldiariodesanpedro.com.ar\/sitio\/wp-json\/wp\/v2\/categories?post=91511"},{"taxonomy":"post_tag","embeddable":true,"href":"https:\/\/eldiariodesanpedro.com.ar\/sitio\/wp-json\/wp\/v2\/tags?post=91511"}],"curies":[{"name":"wp","href":"https:\/\/api.w.org\/{rel}","templated":true}]}}