{"id":91508,"date":"2021-04-27T10:11:01","date_gmt":"2021-04-27T13:11:01","guid":{"rendered":"https:\/\/eldiariodesanpedro.com.ar\/sitio\/?p=91508"},"modified":"2021-04-27T10:11:08","modified_gmt":"2021-04-27T13:11:08","slug":"el-gobierno-bonaerense-pidio-mas-restricciones-para-bajar-los-contagios-de-coronavirus","status":"publish","type":"post","link":"https:\/\/eldiariodesanpedro.com.ar\/sitio\/el-gobierno-bonaerense-pidio-mas-restricciones-para-bajar-los-contagios-de-coronavirus\/","title":{"rendered":"El Gobierno bonaerense pidi\u00f3 m\u00e1s restricciones para bajar los contagios de coronavirus"},"content":{"rendered":"<!-- VideographyWP Plugin Message: Automatic video embedding prevented by plugin options. -->\n\n<p>La ministra de Gobierno bonaerense, Teresa Garc\u00eda, insisti\u00f3 en la postura de profundizar las restricciones ante los contagios de coronavirus.<\/p>\n\n\n\n<p>La ministra de Gobierno bonaerense,\u00a0<strong>Teresa Garc\u00eda<\/strong>, se mostr\u00f3 preocupada ante el n\u00famero de contagios de coronavirus y la situaci\u00f3n que atraviesa el sistema sanitario. En ese aspecto, insisti\u00f3 en profundizar las restricciones para bajar los casos.<\/p>\n\n\n\n<p>En declaraciones a El Destape Radio, Teresa Garc\u00eda manifest\u00f3 que \u00abla postura de la Provincia es la misma que hace 15 d\u00edas: estamos muy preocupados\u00bb. Entonces,\u00a0sostuvo que \u00abhacen falta m\u00e1s<strong>\u00a0restricciones\u00a0<\/strong>para bajar dram\u00e1ticamente esta curva\u00bb y advirti\u00f3 \u00abel sistema sanitario est\u00e1 en crisis y al borde del colapso\u00bb.<\/p>\n\n\n\n<p>Luego, la funcionaria bonaerense indic\u00f3 que \u00abayer el ministro Fern\u00e1n Quir\u00f3s hizo expl\u00edcito que hay 1.000 camas ocupadas en CABA (el 82% en las p\u00fablicas y 88% en las privadas)\u00bb. Adem\u00e1s, dijo que esa situaci\u00f3n tambi\u00e9n se registra en el conurbano bonaerense, donde hay 870 camas disponibles, pero expuso que \u00abla situaci\u00f3n es muy preocupante\u00bb.<\/p>\n\n\n\n<p>\u00abCon 20 mil casos promedio, en cualquier lugar del mundo estar\u00edan con cierre absoluto. El Gobierno nacional y el provincial est\u00e1n actuando delicadamente pero tiene que haber un comportamiento individual m\u00e1s responsable\u00bb, asever\u00f3.<\/p>\n\n\n\n<p>M\u00e1s adelante, Teresa Garc\u00eda adelant\u00f3 que&nbsp;el gobernador<strong>&nbsp;Axel Kicillof<\/strong>&nbsp;se reunir\u00e1 con sus ministros en la jornada de hoy y que ma\u00f1ana mantendr\u00e1 un encuentro con intendentes para evaluar la posibilidad de aplicar nuevas medidas.<\/p>\n\n\n\n<p>\u00abTodav\u00eda no estamos planteando una fase 1 como la del a\u00f1o pasado. No s\u00e9 si ser\u00eda posible hacerlo. Ma\u00f1ana nos reuniremos con intendentes, tendremos que analizar cu\u00e1les son las actividades que m\u00e1s gente concentran\u00bb, relat\u00f3.<\/p>\n\n\n\n<p>En cuanto a las perspectivas de las fases, respondi\u00f3 que \u00abser\u00e1 producto del acuerdo al que lleguemos con el Gobierno nacional y la ciudad de Buenos Aires\u00bb. No obstante, remarc\u00f3 que ambas jurisdicciones \u00abno pueden hacer cosas distintas\u00bb.<\/p>\n\n\n\n<p>Finalmente, record\u00f3 que \u00abtransitamos un a\u00f1o y medio junto; siempre hubo diferencias pero ahora son m\u00e1s profundas por la desobediencia del cumplimiento del DNU por parte de Larreta, algo traum\u00e1tico para la institucionalidad\u00bb.<\/p>\n\n\n\n<p>Fuente: <a href=\"https:\/\/infocielo.com\/teresa-garcia\/teresa-garcia-hacen-falta-mas-restricciones-n710448\">Infocielo<\/a><\/p>\n","protected":false},"excerpt":{"rendered":"<p>La ministra de Gobierno bonaerense, Teresa Garc\u00eda, insisti\u00f3 en la postura de profundizar las restricciones ante los contagios de coronavirus. La ministra de Gobierno bonaerense,\u00a0Teresa Garc\u00eda, se mostr\u00f3 preocupada ante el n\u00famero de contagios de coronavirus y la situaci\u00f3n que atraviesa el sistema sanitario. En ese aspecto, insisti\u00f3 en profundizar las restricciones para bajar los [&hellip;]<\/p>\n","protected":false},"author":4,"featured_media":91509,"comment_status":"open","ping_status":"closed","sticky":false,"template":"","format":"standard","meta":{"om_disable_all_campaigns":false,"_jetpack_memberships_contains_paid_content":false,"footnotes":""},"categories":[621],"tags":[],"class_list":["post-91508","post","type-post","status-publish","format-standard","has-post-thumbnail","hentry","category-regionales"],"aioseo_notices":[],"gutentor_comment":0,"jetpack_featured_media_url":"https:\/\/eldiariodesanpedro.com.ar\/sitio\/wp-content\/uploads\/2021\/04\/teresa-garcia-preocupada-el-alza-contagios.jpg","jetpack_shortlink":"https:\/\/wp.me\/p6RhLt-nNW","jetpack_sharing_enabled":true,"_links":{"self":[{"href":"https:\/\/eldiariodesanpedro.com.ar\/sitio\/wp-json\/wp\/v2\/posts\/91508","targetHints":{"allow":["GET"]}}],"collection":[{"href":"https:\/\/eldiariodesanpedro.com.ar\/sitio\/wp-json\/wp\/v2\/posts"}],"about":[{"href":"https:\/\/eldiariodesanpedro.com.ar\/sitio\/wp-json\/wp\/v2\/types\/post"}],"author":[{"embeddable":true,"href":"https:\/\/eldiariodesanpedro.com.ar\/sitio\/wp-json\/wp\/v2\/users\/4"}],"replies":[{"embeddable":true,"href":"https:\/\/eldiariodesanpedro.com.ar\/sitio\/wp-json\/wp\/v2\/comments?post=91508"}],"version-history":[{"count":1,"href":"https:\/\/eldiariodesanpedro.com.ar\/sitio\/wp-json\/wp\/v2\/posts\/91508\/revisions"}],"predecessor-version":[{"id":91510,"href":"https:\/\/eldiariodesanpedro.com.ar\/sitio\/wp-json\/wp\/v2\/posts\/91508\/revisions\/91510"}],"wp:featuredmedia":[{"embeddable":true,"href":"https:\/\/eldiariodesanpedro.com.ar\/sitio\/wp-json\/wp\/v2\/media\/91509"}],"wp:attachment":[{"href":"https:\/\/eldiariodesanpedro.com.ar\/sitio\/wp-json\/wp\/v2\/media?parent=91508"}],"wp:term":[{"taxonomy":"category","embeddable":true,"href":"https:\/\/eldiariodesanpedro.com.ar\/sitio\/wp-json\/wp\/v2\/categories?post=91508"},{"taxonomy":"post_tag","embeddable":true,"href":"https:\/\/eldiariodesanpedro.com.ar\/sitio\/wp-json\/wp\/v2\/tags?post=91508"}],"curies":[{"name":"wp","href":"https:\/\/api.w.org\/{rel}","templated":true}]}}