{"id":91505,"date":"2021-04-27T10:03:34","date_gmt":"2021-04-27T13:03:34","guid":{"rendered":"https:\/\/eldiariodesanpedro.com.ar\/sitio\/?p=91505"},"modified":"2021-04-27T10:03:38","modified_gmt":"2021-04-27T13:03:38","slug":"la-anmat-volvio-a-prohibir-productos-medicos-no-autorizados","status":"publish","type":"post","link":"https:\/\/eldiariodesanpedro.com.ar\/sitio\/la-anmat-volvio-a-prohibir-productos-medicos-no-autorizados\/","title":{"rendered":"La Anmat volvi\u00f3 a prohibir productos m\u00e9dicos no autorizados"},"content":{"rendered":"<!-- VideographyWP Plugin Message: Automatic video embedding prevented by plugin options. -->\n\n<p>Se trata de una empresa que no cuenta con autorizaci\u00f3n para la fabricaci\u00f3n de insumos para la salud. Quedaron prohibidos por la Anmat.<\/p>\n\n\n\n<p>La\u00a0<strong>Administraci\u00f3n Nacional de Medicamentos, Alimentos y Tecnolog\u00eda M\u00e9dica (ANMAT)<\/strong>\u00a0prohibi\u00f3 este martes, a trav\u00e9s de su publicaci\u00f3n en el Bolet\u00edn Oficial, la fabricaci\u00f3n y distribuci\u00f3n de una serie de\u00a0productos\u00a0m\u00e9dicos a una empresa que no contaba con las autorizaciones necesarias para la actividad, que podr\u00eda poner en riesgo la salud de los usuarios.<\/p>\n\n\n\n<p>En la Disposici\u00f3n 2987\/2020, publicada esta ma\u00f1ana, el organismo establece la prohibici\u00f3n de \u201cla fabricaci\u00f3n y distribuci\u00f3n de productos m\u00e9dicos a STANDLIFE de MARISOL PRADO (CUIT N\u00ba 27-26530222-5), con domicilio en la calle Gdor. Oliden N\u00ba 1431, Valent\u00edn Alsina, Lan\u00fas, provincia de Buenos Aires, hasta tanto cuente con las debidas autorizaciones sanitarias\u201d y le ordena un sumario sanitario.<\/p>\n\n\n\n<p>En el considerando de la resoluci\u00f3n oficial se explica que las actuaciones se iniciaron a ra\u00edz de una denuncia en la que se informaba sobre la oferta de una serie de productos m\u00e9dicos, cuyos fabricantes no pose\u00edan las debidas autorizaciones sanitarias.<\/p>\n\n\n\n<p>\u00abDe acuerdo a lo informado por la Direcci\u00f3n de Gesti\u00f3n de Informaci\u00f3n T\u00e9cnica en el orden 6, no consta registro de habilitaci\u00f3n ante esta Administraci\u00f3n Nacional de la firma con la raz\u00f3n social MARISOL PRADO (CUIT N\u00ba 27-26530222-5), denominaci\u00f3n de fantas\u00eda STANDLIFE, en el rubro de Productos M\u00e9dicos (ni fabricante\/importador ni tr\u00e1nsito interjurisdiccional)\u201d, informa la medida.<\/p>\n\n\n\n<p>Seg\u00fan se public\u00f3, los inspectores pudieron constatar que en el establecimiento se dise\u00f1an y fabrican productos de ortopedia y rehabilitaci\u00f3n y se realizan las adaptaciones necesarias a medida de cada paciente pudiendo observarse, andadores, bipedestadores, tablas de prono y sillas de postura, entre otros productos. Adem\u00e1s, se constataron ventas realizadas a la Obra Social de Agentes de Loter\u00edas y Afines de la Rep\u00fablica Argentina, a favor de Ortopedia Villarroel SRL y a favor de Ortopedia Integrar SRL.<\/p>\n\n\n\n<p>\u201cLa Direcci\u00f3n de Evaluaci\u00f3n y Gesti\u00f3n de Monitoreo de Productos para la\u00a0Salud\u00a0(ex DVS) sugiri\u00f3: a) Prohibir a la firma STANDLIFE de Marisol Prado (CUIT N\u00b0 27-26530222-5) la fabricaci\u00f3n y distribuci\u00f3n de cualquier producto m\u00e9dico hasta tanto cuente con las autorizaciones sanitarias correspondientes y b) Iniciar el pertinente sumario sanitario a la firma STANDLIFE de Marisol Prado (CUIT N\u00b0 27-26530222-5), con domicilio en la calle Gdor. Oliden N\u00ba 1431, Valent\u00edn Alsina, Lan\u00fas, provincia de Buenos Aires, por los incumplimientos mencionados\u201d, dice la Disposici\u00f3n.<\/p>\n\n\n\n<p><a href=\"https:\/\/media.infocielo.com\/p\/b84ea3b23afa8135bc49e7eb2ac4bb37\/adjuntos\/299\/imagenes\/001\/164\/0001164493\/anmat-prohibio-la-venta-los-productos-que-no-tenian-autorizacion.png\"><\/a><\/p>\n","protected":false},"excerpt":{"rendered":"<p>Se trata de una empresa que no cuenta con autorizaci\u00f3n para la fabricaci\u00f3n de insumos para la salud. Quedaron prohibidos por la Anmat. La\u00a0Administraci\u00f3n Nacional de Medicamentos, Alimentos y Tecnolog\u00eda M\u00e9dica (ANMAT)\u00a0prohibi\u00f3 este martes, a trav\u00e9s de su publicaci\u00f3n en el Bolet\u00edn Oficial, la fabricaci\u00f3n y distribuci\u00f3n de una serie de\u00a0productos\u00a0m\u00e9dicos a una empresa que [&hellip;]<\/p>\n","protected":false},"author":4,"featured_media":91506,"comment_status":"open","ping_status":"closed","sticky":false,"template":"","format":"standard","meta":{"om_disable_all_campaigns":false,"_jetpack_memberships_contains_paid_content":false,"footnotes":""},"categories":[621],"tags":[],"class_list":["post-91505","post","type-post","status-publish","format-standard","has-post-thumbnail","hentry","category-regionales"],"aioseo_notices":[],"gutentor_comment":0,"jetpack_featured_media_url":"https:\/\/eldiariodesanpedro.com.ar\/sitio\/wp-content\/uploads\/2021\/04\/anmat-prohibio-la-venta-los-productos-que-no-tenian-autorizacion.jpg","jetpack_shortlink":"https:\/\/wp.me\/p6RhLt-nNT","jetpack_sharing_enabled":true,"_links":{"self":[{"href":"https:\/\/eldiariodesanpedro.com.ar\/sitio\/wp-json\/wp\/v2\/posts\/91505","targetHints":{"allow":["GET"]}}],"collection":[{"href":"https:\/\/eldiariodesanpedro.com.ar\/sitio\/wp-json\/wp\/v2\/posts"}],"about":[{"href":"https:\/\/eldiariodesanpedro.com.ar\/sitio\/wp-json\/wp\/v2\/types\/post"}],"author":[{"embeddable":true,"href":"https:\/\/eldiariodesanpedro.com.ar\/sitio\/wp-json\/wp\/v2\/users\/4"}],"replies":[{"embeddable":true,"href":"https:\/\/eldiariodesanpedro.com.ar\/sitio\/wp-json\/wp\/v2\/comments?post=91505"}],"version-history":[{"count":1,"href":"https:\/\/eldiariodesanpedro.com.ar\/sitio\/wp-json\/wp\/v2\/posts\/91505\/revisions"}],"predecessor-version":[{"id":91507,"href":"https:\/\/eldiariodesanpedro.com.ar\/sitio\/wp-json\/wp\/v2\/posts\/91505\/revisions\/91507"}],"wp:featuredmedia":[{"embeddable":true,"href":"https:\/\/eldiariodesanpedro.com.ar\/sitio\/wp-json\/wp\/v2\/media\/91506"}],"wp:attachment":[{"href":"https:\/\/eldiariodesanpedro.com.ar\/sitio\/wp-json\/wp\/v2\/media?parent=91505"}],"wp:term":[{"taxonomy":"category","embeddable":true,"href":"https:\/\/eldiariodesanpedro.com.ar\/sitio\/wp-json\/wp\/v2\/categories?post=91505"},{"taxonomy":"post_tag","embeddable":true,"href":"https:\/\/eldiariodesanpedro.com.ar\/sitio\/wp-json\/wp\/v2\/tags?post=91505"}],"curies":[{"name":"wp","href":"https:\/\/api.w.org\/{rel}","templated":true}]}}