{"id":91503,"date":"2021-04-27T09:57:42","date_gmt":"2021-04-27T12:57:42","guid":{"rendered":"https:\/\/eldiariodesanpedro.com.ar\/sitio\/?p=91503"},"modified":"2021-04-27T09:57:49","modified_gmt":"2021-04-27T12:57:49","slug":"cronograma-de-anses-para-hoy-martes-4","status":"publish","type":"post","link":"https:\/\/eldiariodesanpedro.com.ar\/sitio\/cronograma-de-anses-para-hoy-martes-4\/","title":{"rendered":"Cronograma de Anses para hoy martes"},"content":{"rendered":"<!-- VideographyWP Plugin Message: Automatic video embedding prevented by plugin options. -->\n\n<p><strong>El organismo, a cargo de la Lic. Fernanda Raverta, informa que hoy sigue el pago del refuerzo de los 15.000 pesos y, adem\u00e1s, se abonan jubilaciones, pensiones y Prestaci\u00f3n por Desempleo.<\/strong><\/p>\n\n\n\n<p><strong>Refuerzo de 15.000 pesos<\/strong><br><strong>Hoy se deposita, autom\u00e1ticamente y sin tr\u00e1mite previo, el refuerzo de 15.000 para titulares de la Asignaci\u00f3n Universal por Hijo (AUH), Asignaci\u00f3n por Embarazo y monotributistas A y B que cobren Asignaciones Familiares con DNI finalizados en\u00a01.<\/strong> (Solo para AMBA o Ciudades en fase 2)<\/p>\n\n\n\n<p><strong>Jubilaciones&nbsp;y&nbsp;pensiones&nbsp;del Sistema Integrado Previsional Argentino<\/strong><\/p>\n\n\n\n<p>Las sucursales bancarias habilitadas atender\u00e1n por ventanilla a jubilados, jubiladas, pensionados y pensionadas que tengan haberes entre&nbsp;<strong>23.120 pesos<\/strong>&nbsp;<strong>y 138.426 pesos&nbsp;<\/strong>y susdocumentos terminen en&nbsp;<strong>2&nbsp;<\/strong>y<strong>&nbsp;3<\/strong>.<\/p>\n\n\n\n<p>En este sentido, si bien estas personas no tienen que solicitar turno previo para cobrar el beneficio,&nbsp;deben acercarse a la sucursal bancaria \u00fanicamente en la fecha asignada. Cabe recordar que los haberes permanecer\u00e1n depositados en sus cuentas.<\/p>\n\n\n\n<p><strong>Prestaci\u00f3n por Desempleo<\/strong><\/p>\n\n\n\n<p>Hoy perciben la Prestaci\u00f3n por Desempleo las personas cuyos documentos concluyan en&nbsp;<strong>4&nbsp;<\/strong>y<strong>&nbsp;5<\/strong>.<\/p>\n","protected":false},"excerpt":{"rendered":"<p>El organismo, a cargo de la Lic. Fernanda Raverta, informa que hoy sigue el pago del refuerzo de los 15.000 pesos y, adem\u00e1s, se abonan jubilaciones, pensiones y Prestaci\u00f3n por Desempleo. Refuerzo de 15.000 pesosHoy se deposita, autom\u00e1ticamente y sin tr\u00e1mite previo, el refuerzo de 15.000 para titulares de la Asignaci\u00f3n Universal por Hijo (AUH), [&hellip;]<\/p>\n","protected":false},"author":4,"featured_media":68529,"comment_status":"open","ping_status":"closed","sticky":false,"template":"","format":"standard","meta":{"om_disable_all_campaigns":false,"_jetpack_memberships_contains_paid_content":false,"footnotes":""},"categories":[101,2],"tags":[],"class_list":["post-91503","post","type-post","status-publish","format-standard","has-post-thumbnail","hentry","category-interes-general-locales","category-locales"],"aioseo_notices":[],"gutentor_comment":0,"jetpack_featured_media_url":"https:\/\/eldiariodesanpedro.com.ar\/sitio\/wp-content\/uploads\/2020\/02\/no_9p8naqdfbyo3bayanses.jpg","jetpack_shortlink":"https:\/\/wp.me\/p6RhLt-nNR","jetpack_sharing_enabled":true,"_links":{"self":[{"href":"https:\/\/eldiariodesanpedro.com.ar\/sitio\/wp-json\/wp\/v2\/posts\/91503","targetHints":{"allow":["GET"]}}],"collection":[{"href":"https:\/\/eldiariodesanpedro.com.ar\/sitio\/wp-json\/wp\/v2\/posts"}],"about":[{"href":"https:\/\/eldiariodesanpedro.com.ar\/sitio\/wp-json\/wp\/v2\/types\/post"}],"author":[{"embeddable":true,"href":"https:\/\/eldiariodesanpedro.com.ar\/sitio\/wp-json\/wp\/v2\/users\/4"}],"replies":[{"embeddable":true,"href":"https:\/\/eldiariodesanpedro.com.ar\/sitio\/wp-json\/wp\/v2\/comments?post=91503"}],"version-history":[{"count":1,"href":"https:\/\/eldiariodesanpedro.com.ar\/sitio\/wp-json\/wp\/v2\/posts\/91503\/revisions"}],"predecessor-version":[{"id":91504,"href":"https:\/\/eldiariodesanpedro.com.ar\/sitio\/wp-json\/wp\/v2\/posts\/91503\/revisions\/91504"}],"wp:featuredmedia":[{"embeddable":true,"href":"https:\/\/eldiariodesanpedro.com.ar\/sitio\/wp-json\/wp\/v2\/media\/68529"}],"wp:attachment":[{"href":"https:\/\/eldiariodesanpedro.com.ar\/sitio\/wp-json\/wp\/v2\/media?parent=91503"}],"wp:term":[{"taxonomy":"category","embeddable":true,"href":"https:\/\/eldiariodesanpedro.com.ar\/sitio\/wp-json\/wp\/v2\/categories?post=91503"},{"taxonomy":"post_tag","embeddable":true,"href":"https:\/\/eldiariodesanpedro.com.ar\/sitio\/wp-json\/wp\/v2\/tags?post=91503"}],"curies":[{"name":"wp","href":"https:\/\/api.w.org\/{rel}","templated":true}]}}