{"id":91493,"date":"2021-04-26T17:06:08","date_gmt":"2021-04-26T20:06:08","guid":{"rendered":"https:\/\/eldiariodesanpedro.com.ar\/sitio\/?p=91493"},"modified":"2021-04-26T17:06:13","modified_gmt":"2021-04-26T20:06:13","slug":"repro-ii-programa-de-recuperacion-productiva-ii","status":"publish","type":"post","link":"https:\/\/eldiariodesanpedro.com.ar\/sitio\/repro-ii-programa-de-recuperacion-productiva-ii\/","title":{"rendered":"REPRO II \u2013 Programa de Recuperaci\u00f3n Productiva II"},"content":{"rendered":"<!-- VideographyWP Plugin Message: Automatic video embedding prevented by plugin options. -->\n\n<p>La Secretar\u00eda de Desarrollo Econ\u00f3mico de la Municipalidad de San Pedro invita a las pymes a inscribirse al Programa REPRO II, que lanz\u00f3 el Ministerio de Trabajo, Empleo y Seguridad Social de la Naci\u00f3n, para sostener el empleo en sectores con dificultades econ\u00f3micas.<\/p>\n\n\n\n<p>Consiste en asignar una suma de dinero individual y fija que se pagar\u00e1 a los trabajadores\/as, a cuenta del pago de las remuneraciones a cargo de los empleadores adheridos al Programa. Esta destinado a empresas con variaci\u00f3n interanual negativa en su facturaci\u00f3n.<\/p>\n\n\n\n<p>*Requisitos:<\/p>\n\n\n\n<ul class=\"wp-block-list\"><li>Tener domicilio fiscal electr\u00f3nico<\/li><li>Completar v\u00eda web un conjunto de indicadores econ\u00f3micos, patrimoniales y financieros<\/li><li>\u00daltimo balance del ejercicio certificado<\/li><\/ul>\n\n\n\n<p>*Monto de la asistencia por Trabajador:<\/p>\n\n\n\n<ul class=\"wp-block-list\"><li>Afectado no cr\u00edtico $9.000<\/li><li>Cr\u00edticos hasta $12.000 (Turismo plus de $4.000)<\/li><li>Sector Salud: hasta $18.000<\/li><\/ul>\n\n\n\n<p>Para m\u00e1s informaci\u00f3n e inscripci\u00f3n ingresar al siguiente link <a href=\"https:\/\/www.argentina.gob.ar\/trabajo\/repro2\">https:\/\/www.argentina.gob.ar\/trabajo\/repro2<\/a><\/p>\n","protected":false},"excerpt":{"rendered":"<p>La Secretar\u00eda de Desarrollo Econ\u00f3mico de la Municipalidad de San Pedro invita a las pymes a inscribirse al Programa REPRO II, que lanz\u00f3 el Ministerio de Trabajo, Empleo y Seguridad Social de la Naci\u00f3n, para sostener el empleo en sectores con dificultades econ\u00f3micas. Consiste en asignar una suma de dinero individual y fija que se [&hellip;]<\/p>\n","protected":false},"author":4,"featured_media":91494,"comment_status":"open","ping_status":"closed","sticky":false,"template":"","format":"standard","meta":{"om_disable_all_campaigns":false,"_jetpack_memberships_contains_paid_content":false,"footnotes":""},"categories":[101,2],"tags":[],"class_list":["post-91493","post","type-post","status-publish","format-standard","has-post-thumbnail","hentry","category-interes-general-locales","category-locales"],"aioseo_notices":[],"gutentor_comment":0,"jetpack_featured_media_url":"https:\/\/eldiariodesanpedro.com.ar\/sitio\/wp-content\/uploads\/2021\/04\/WhatsApp-Image-2021-04-26-at-15.36.36.jpeg","jetpack_shortlink":"https:\/\/wp.me\/p6RhLt-nNH","jetpack_sharing_enabled":true,"_links":{"self":[{"href":"https:\/\/eldiariodesanpedro.com.ar\/sitio\/wp-json\/wp\/v2\/posts\/91493","targetHints":{"allow":["GET"]}}],"collection":[{"href":"https:\/\/eldiariodesanpedro.com.ar\/sitio\/wp-json\/wp\/v2\/posts"}],"about":[{"href":"https:\/\/eldiariodesanpedro.com.ar\/sitio\/wp-json\/wp\/v2\/types\/post"}],"author":[{"embeddable":true,"href":"https:\/\/eldiariodesanpedro.com.ar\/sitio\/wp-json\/wp\/v2\/users\/4"}],"replies":[{"embeddable":true,"href":"https:\/\/eldiariodesanpedro.com.ar\/sitio\/wp-json\/wp\/v2\/comments?post=91493"}],"version-history":[{"count":1,"href":"https:\/\/eldiariodesanpedro.com.ar\/sitio\/wp-json\/wp\/v2\/posts\/91493\/revisions"}],"predecessor-version":[{"id":91495,"href":"https:\/\/eldiariodesanpedro.com.ar\/sitio\/wp-json\/wp\/v2\/posts\/91493\/revisions\/91495"}],"wp:featuredmedia":[{"embeddable":true,"href":"https:\/\/eldiariodesanpedro.com.ar\/sitio\/wp-json\/wp\/v2\/media\/91494"}],"wp:attachment":[{"href":"https:\/\/eldiariodesanpedro.com.ar\/sitio\/wp-json\/wp\/v2\/media?parent=91493"}],"wp:term":[{"taxonomy":"category","embeddable":true,"href":"https:\/\/eldiariodesanpedro.com.ar\/sitio\/wp-json\/wp\/v2\/categories?post=91493"},{"taxonomy":"post_tag","embeddable":true,"href":"https:\/\/eldiariodesanpedro.com.ar\/sitio\/wp-json\/wp\/v2\/tags?post=91493"}],"curies":[{"name":"wp","href":"https:\/\/api.w.org\/{rel}","templated":true}]}}