{"id":91488,"date":"2021-04-26T12:49:28","date_gmt":"2021-04-26T15:49:28","guid":{"rendered":"https:\/\/eldiariodesanpedro.com.ar\/sitio\/?p=91488"},"modified":"2021-04-26T12:49:33","modified_gmt":"2021-04-26T15:49:33","slug":"baradero-un-patrullero-impacto-contra-un-automovil","status":"publish","type":"post","link":"https:\/\/eldiariodesanpedro.com.ar\/sitio\/baradero-un-patrullero-impacto-contra-un-automovil\/","title":{"rendered":"BARADERO | Un patrullero impact\u00f3 contra un autom\u00f3vil"},"content":{"rendered":"<!-- VideographyWP Plugin Message: Automatic video embedding prevented by plugin options. -->\n\n<p>Se debi\u00f3 a que el efectivo que conduc\u00eda la unidad, habr\u00eda colocado el freno de mano pero no torci\u00f3 los neum\u00e1ticos, lo que provoc\u00f3 que impacte contra un Volkswagen Vento que estaba estacionado.<\/p>\n\n\n\n<p>El hecho fue en Santa Martin y Acevedo frente al Parque Sarmiento.<\/p>\n\n\n\n<p>Sergio Lucero, subsecretario de Seguridad, nos inform\u00f3 sobre esto.<\/p>\n\n\n\n<p>Fuente: <a href=\"https:\/\/www.facebook.com\/fmtiempo1035\">Fm Tiempo<\/a><\/p>\n","protected":false},"excerpt":{"rendered":"<p>Se debi\u00f3 a que el efectivo que conduc\u00eda la unidad, habr\u00eda colocado el freno de mano pero no torci\u00f3 los neum\u00e1ticos, lo que provoc\u00f3 que impacte contra un Volkswagen Vento que estaba estacionado. El hecho fue en Santa Martin y Acevedo frente al Parque Sarmiento. Sergio Lucero, subsecretario de Seguridad, nos inform\u00f3 sobre esto. Fuente: [&hellip;]<\/p>\n","protected":false},"author":4,"featured_media":91489,"comment_status":"open","ping_status":"closed","sticky":false,"template":"","format":"standard","meta":{"om_disable_all_campaigns":false,"_jetpack_memberships_contains_paid_content":false,"footnotes":""},"categories":[621],"tags":[],"class_list":["post-91488","post","type-post","status-publish","format-standard","has-post-thumbnail","hentry","category-regionales"],"aioseo_notices":[],"gutentor_comment":0,"jetpack_featured_media_url":"https:\/\/eldiariodesanpedro.com.ar\/sitio\/wp-content\/uploads\/2021\/04\/178720141_1687538448100818_4088362860817257569_n.jpg","jetpack_shortlink":"https:\/\/wp.me\/p6RhLt-nNC","jetpack_sharing_enabled":true,"_links":{"self":[{"href":"https:\/\/eldiariodesanpedro.com.ar\/sitio\/wp-json\/wp\/v2\/posts\/91488","targetHints":{"allow":["GET"]}}],"collection":[{"href":"https:\/\/eldiariodesanpedro.com.ar\/sitio\/wp-json\/wp\/v2\/posts"}],"about":[{"href":"https:\/\/eldiariodesanpedro.com.ar\/sitio\/wp-json\/wp\/v2\/types\/post"}],"author":[{"embeddable":true,"href":"https:\/\/eldiariodesanpedro.com.ar\/sitio\/wp-json\/wp\/v2\/users\/4"}],"replies":[{"embeddable":true,"href":"https:\/\/eldiariodesanpedro.com.ar\/sitio\/wp-json\/wp\/v2\/comments?post=91488"}],"version-history":[{"count":1,"href":"https:\/\/eldiariodesanpedro.com.ar\/sitio\/wp-json\/wp\/v2\/posts\/91488\/revisions"}],"predecessor-version":[{"id":91490,"href":"https:\/\/eldiariodesanpedro.com.ar\/sitio\/wp-json\/wp\/v2\/posts\/91488\/revisions\/91490"}],"wp:featuredmedia":[{"embeddable":true,"href":"https:\/\/eldiariodesanpedro.com.ar\/sitio\/wp-json\/wp\/v2\/media\/91489"}],"wp:attachment":[{"href":"https:\/\/eldiariodesanpedro.com.ar\/sitio\/wp-json\/wp\/v2\/media?parent=91488"}],"wp:term":[{"taxonomy":"category","embeddable":true,"href":"https:\/\/eldiariodesanpedro.com.ar\/sitio\/wp-json\/wp\/v2\/categories?post=91488"},{"taxonomy":"post_tag","embeddable":true,"href":"https:\/\/eldiariodesanpedro.com.ar\/sitio\/wp-json\/wp\/v2\/tags?post=91488"}],"curies":[{"name":"wp","href":"https:\/\/api.w.org\/{rel}","templated":true}]}}