{"id":91485,"date":"2021-04-26T12:41:01","date_gmt":"2021-04-26T15:41:01","guid":{"rendered":"https:\/\/eldiariodesanpedro.com.ar\/sitio\/?p=91485"},"modified":"2021-04-26T12:41:06","modified_gmt":"2021-04-26T15:41:06","slug":"baradero-mas-de-6-mil-personas-ya-recibieron-la-vacuna-contra-el-coronavirus-en-la-ciudad","status":"publish","type":"post","link":"https:\/\/eldiariodesanpedro.com.ar\/sitio\/baradero-mas-de-6-mil-personas-ya-recibieron-la-vacuna-contra-el-coronavirus-en-la-ciudad\/","title":{"rendered":"BARADERO | M\u00e1s de 6 mil personas ya recibieron la vacuna contra el coronavirus en la ciudad"},"content":{"rendered":"<!-- VideographyWP Plugin Message: Automatic video embedding prevented by plugin options. -->\n\n<p>Con la llegada de 600 primeras dosis de Sputnik V el viernes pasado, el vacunatorio ubicado en SOERM (Anchorena 1433) funcion\u00f3 durante todo el fin de semana aplicando las correspondientes dosis a personas mayores de 60 a\u00f1os&nbsp;y contin\u00faa su actividad durante la jornada de este lunes y martes. &nbsp;<\/p>\n\n\n\n<p>En la actualidad, son&nbsp;<strong>m\u00e1s de 6200<\/strong>&nbsp;las personas de Baradero que han recibido la primera dosis de la vacuna contra el coronavirus. &nbsp;<\/p>\n\n\n\n<p>Hasta el momento, la vacuna es la \u00fanica herramienta para poder transitar de forma leve la enfermedad. Es importante destacar que las dosis que nuestra ciudad recibe son en funci\u00f3n al n\u00famero de personas inscriptas, ya que, al tratarse de una vacunaci\u00f3n optativa, las dosis que llegan a la ciudad son destinadas a las personas inscriptas en el sistema provincial. &nbsp;<\/p>\n\n\n\n<p>&nbsp;Quienes quieran recibir la vacuna gratuita, p\u00fablica y optativa contra el Covid-19 deben inscribirse a https:\/\/vacunatepba.gba.gob.ar\/ o acercarse a los siguientes Puntos Fijos:&nbsp;&nbsp;&nbsp;<\/p>\n\n\n\n<p>\u25ba&nbsp;Sindicato SOERM (Anchorena 1433) \u2013 de lunes a viernes de 8 a 16 horas. &nbsp;<\/p>\n\n\n\n<p>\u25ba&nbsp;CAPS de Santa Coloma (Ceibo s\/n entre Libertad y Omb\u00fa) \u2013 de lunes a viernes de 8 a 12 horas. &nbsp;<\/p>\n\n\n\n<p>\u25ba&nbsp;CAPS de Ireneo Portela (Conesa y Digrigorio) \u2013 de lunes a viernes de 8 a 12 horas. &nbsp;<\/p>\n\n\n\n<p>\u25ba&nbsp;CAPS de Alsina (Bv. San Mart\u00edn y Primera Junta) \u2013 de lunes a viernes de 8 a 12 horas. &nbsp;<\/p>\n\n\n\n<p>\u25ba&nbsp;Centro de Jubilados de Alsina (Belgrano y Urquiza) \u2013 de lunes a viernes de 8 a 11 horas.&nbsp;<\/p>\n\n\n\n<p>Ver m\u00e1s Puntos Fijos y los Puntos M\u00f3viles en el Facebook: Salud Baradero (https:\/\/www.facebook.com\/saludbaradero) &nbsp;<\/p>\n\n\n\n<p>&nbsp;Cabe mencionar que las personas que ya concretaron la inscripci\u00f3n recibir\u00e1n la confirmaci\u00f3n del turno en su correo electr\u00f3nico. Para mayor seguridad pueden descargar en su celular la aplicaci\u00f3n VacunatePBA.&nbsp;<\/p>\n\n\n\n<h1 class=\"wp-block-heading\"><a href=\"https:\/\/tulineadirecta.com\/author\/tulineadirecta1\/\"><\/a><\/h1>\n","protected":false},"excerpt":{"rendered":"<p>Con la llegada de 600 primeras dosis de Sputnik V el viernes pasado, el vacunatorio ubicado en SOERM (Anchorena 1433) funcion\u00f3 durante todo el fin de semana aplicando las correspondientes dosis a personas mayores de 60 a\u00f1os&nbsp;y contin\u00faa su actividad durante la jornada de este lunes y martes. &nbsp; En la actualidad, son&nbsp;m\u00e1s de 6200&nbsp;las [&hellip;]<\/p>\n","protected":false},"author":4,"featured_media":91486,"comment_status":"open","ping_status":"closed","sticky":false,"template":"","format":"standard","meta":{"om_disable_all_campaigns":false,"_jetpack_memberships_contains_paid_content":false,"footnotes":""},"categories":[621],"tags":[],"class_list":["post-91485","post","type-post","status-publish","format-standard","has-post-thumbnail","hentry","category-regionales"],"aioseo_notices":[],"gutentor_comment":0,"jetpack_featured_media_url":"https:\/\/eldiariodesanpedro.com.ar\/sitio\/wp-content\/uploads\/2021\/04\/Vacunacion-Baradero-2.jpeg","jetpack_shortlink":"https:\/\/wp.me\/p6RhLt-nNz","jetpack_sharing_enabled":true,"_links":{"self":[{"href":"https:\/\/eldiariodesanpedro.com.ar\/sitio\/wp-json\/wp\/v2\/posts\/91485","targetHints":{"allow":["GET"]}}],"collection":[{"href":"https:\/\/eldiariodesanpedro.com.ar\/sitio\/wp-json\/wp\/v2\/posts"}],"about":[{"href":"https:\/\/eldiariodesanpedro.com.ar\/sitio\/wp-json\/wp\/v2\/types\/post"}],"author":[{"embeddable":true,"href":"https:\/\/eldiariodesanpedro.com.ar\/sitio\/wp-json\/wp\/v2\/users\/4"}],"replies":[{"embeddable":true,"href":"https:\/\/eldiariodesanpedro.com.ar\/sitio\/wp-json\/wp\/v2\/comments?post=91485"}],"version-history":[{"count":1,"href":"https:\/\/eldiariodesanpedro.com.ar\/sitio\/wp-json\/wp\/v2\/posts\/91485\/revisions"}],"predecessor-version":[{"id":91487,"href":"https:\/\/eldiariodesanpedro.com.ar\/sitio\/wp-json\/wp\/v2\/posts\/91485\/revisions\/91487"}],"wp:featuredmedia":[{"embeddable":true,"href":"https:\/\/eldiariodesanpedro.com.ar\/sitio\/wp-json\/wp\/v2\/media\/91486"}],"wp:attachment":[{"href":"https:\/\/eldiariodesanpedro.com.ar\/sitio\/wp-json\/wp\/v2\/media?parent=91485"}],"wp:term":[{"taxonomy":"category","embeddable":true,"href":"https:\/\/eldiariodesanpedro.com.ar\/sitio\/wp-json\/wp\/v2\/categories?post=91485"},{"taxonomy":"post_tag","embeddable":true,"href":"https:\/\/eldiariodesanpedro.com.ar\/sitio\/wp-json\/wp\/v2\/tags?post=91485"}],"curies":[{"name":"wp","href":"https:\/\/api.w.org\/{rel}","templated":true}]}}