{"id":91483,"date":"2021-04-26T12:30:08","date_gmt":"2021-04-26T15:30:08","guid":{"rendered":"https:\/\/eldiariodesanpedro.com.ar\/sitio\/?p=91483"},"modified":"2021-04-26T12:30:13","modified_gmt":"2021-04-26T15:30:13","slug":"gollan-pidio-hacer-un-cierre-estricto-por-al-menos-15-dias-ante-la-suba-de-contagios","status":"publish","type":"post","link":"https:\/\/eldiariodesanpedro.com.ar\/sitio\/gollan-pidio-hacer-un-cierre-estricto-por-al-menos-15-dias-ante-la-suba-de-contagios\/","title":{"rendered":"Gollan pidi\u00f3 hacer \u00abun cierre estricto por al menos 15 d\u00edas\u00bb ante la suba de contagios"},"content":{"rendered":"<!-- VideographyWP Plugin Message: Automatic video embedding prevented by plugin options. -->\n\n<p>El ministro de Salud bonaerense afirm\u00f3 que hay que \u201cbajar la circulaci\u00f3n a lo m\u00ednimo e indispensable\u201d para contener los contagios. Adem\u00e1s, consider\u00f3 que \u00abel f\u00fatbol profesional tambi\u00e9n se tiene que suspender. No podemos empezar con las excepciones\u00bb.<\/p>\n\n\n\n<p>En plena segunda ola de la pandemia de coronavirus en el pa\u00eds, aumentan los contagios y preocupa la ocupaci\u00f3n de camas de terapia intensiva en el sector p\u00fablico. En ese contexto, el ministro de Salud bonaerense Daniel Gollan advirti\u00f3 que \u201chay que&nbsp;<strong>hacer un cierre estricto&nbsp;<\/strong>por al menos 15 d\u00edas\u201d.<\/p>\n\n\n\n<p>En declaraciones televisivas, Gollan afirm\u00f3 que \u201cestamos en una situaci\u00f3n cr\u00edtica\u201d<em>.<\/em>&nbsp;A pocos d\u00edas del vencimiento del DNU del presidente Alberto Fern\u00e1ndez, todo indica que las restricciones se van a mantener y&nbsp;<strong>se sumar\u00e1n adem\u00e1s nuevas medidas&nbsp;<\/strong>que, esta vez, se tomar\u00edan en forma conjunta entre Naci\u00f3n, Provincia y Ciudad.<\/p>\n\n\n\n<p>En este sentido, el ministro de Salud bonaerense&nbsp;subray\u00f3 la necesidad de consensuar frente a la gravedad que alcanz\u00f3 la curva de contagios y pidi\u00f3 \u201cmedidas dr\u00e1sticas\u201d.<br><br>De esa forma, Gollan insisti\u00f3&nbsp;que&nbsp;\u201cel AMBA es una \u00fanica unidad sanitaria\u201d, y se\u00f1al\u00f3 que \u201c<strong>si el AMBA se mueve repercute<\/strong>&nbsp;en todo el pa\u00eds\u201d.<\/p>\n\n\n\n<p>Para el funcionario de salud, \u201cla velocidad con la que avanza el Covid-19<strong>&nbsp;es la diferencia<\/strong>&nbsp;respecto de la ola anterior\u201d, y alert\u00f3 sobre lo \u201cterriblemente contagiosa\u201d que es esta enfermedad:&nbsp;\u201cEl virus se come a pacientes j\u00f3venes&nbsp;<strong>en tres o cuatro d\u00edas<\/strong>\u201d, resalt\u00f3.<br><br>Adem\u00e1s, Daniel Gollan&nbsp;se\u00f1al\u00f3&nbsp;que \u00abno se puede empezar con las excepciones&nbsp;si se toma una medida de esa naturaleza\u00bb.<\/p>\n\n\n\n<p>En esa l\u00ednea, consider\u00f3 que \u00abel f\u00fatbol profesional tambi\u00e9n se tiene que suspender. No podemos empezar con las excepciones. Ser\u00eda un ejemplo para la sociedad\u00bb, asegur\u00f3 el ministro en declaraciones a Canal 13.<br><br>Finalmente, evalu\u00f3 que \u00abdespu\u00e9s nos dicen cierran las escuelas pero mantienen el f\u00fatbol. Seguramente el f\u00fatbol mueve menos personas, tal vez 300 por partido, pero tambi\u00e9n hay que suspenderlo e ir a un cierre estricto por 15 d\u00edas. Cuando digo todo es todo\u00bb, concluy\u00f3.<\/p>\n\n\n\n<p>Fuente: <a href=\"https:\/\/www.latecla.info\/120814-gollan-pidio-hacer-un-cierre-estricto-por-al-menos-15-d\">la Tecla<\/a><\/p>\n","protected":false},"excerpt":{"rendered":"<p>El ministro de Salud bonaerense afirm\u00f3 que hay que \u201cbajar la circulaci\u00f3n a lo m\u00ednimo e indispensable\u201d para contener los contagios. Adem\u00e1s, consider\u00f3 que \u00abel f\u00fatbol profesional tambi\u00e9n se tiene que suspender. No podemos empezar con las excepciones\u00bb. En plena segunda ola de la pandemia de coronavirus en el pa\u00eds, aumentan los contagios y preocupa [&hellip;]<\/p>\n","protected":false},"author":4,"featured_media":90761,"comment_status":"open","ping_status":"closed","sticky":false,"template":"","format":"standard","meta":{"om_disable_all_campaigns":false,"_jetpack_memberships_contains_paid_content":false,"footnotes":""},"categories":[621],"tags":[],"class_list":["post-91483","post","type-post","status-publish","format-standard","has-post-thumbnail","hentry","category-regionales"],"aioseo_notices":[],"gutentor_comment":0,"jetpack_featured_media_url":"https:\/\/eldiariodesanpedro.com.ar\/sitio\/wp-content\/uploads\/2021\/04\/GOLLAN.jpg","jetpack_shortlink":"https:\/\/wp.me\/p6RhLt-nNx","jetpack_sharing_enabled":true,"_links":{"self":[{"href":"https:\/\/eldiariodesanpedro.com.ar\/sitio\/wp-json\/wp\/v2\/posts\/91483","targetHints":{"allow":["GET"]}}],"collection":[{"href":"https:\/\/eldiariodesanpedro.com.ar\/sitio\/wp-json\/wp\/v2\/posts"}],"about":[{"href":"https:\/\/eldiariodesanpedro.com.ar\/sitio\/wp-json\/wp\/v2\/types\/post"}],"author":[{"embeddable":true,"href":"https:\/\/eldiariodesanpedro.com.ar\/sitio\/wp-json\/wp\/v2\/users\/4"}],"replies":[{"embeddable":true,"href":"https:\/\/eldiariodesanpedro.com.ar\/sitio\/wp-json\/wp\/v2\/comments?post=91483"}],"version-history":[{"count":1,"href":"https:\/\/eldiariodesanpedro.com.ar\/sitio\/wp-json\/wp\/v2\/posts\/91483\/revisions"}],"predecessor-version":[{"id":91484,"href":"https:\/\/eldiariodesanpedro.com.ar\/sitio\/wp-json\/wp\/v2\/posts\/91483\/revisions\/91484"}],"wp:featuredmedia":[{"embeddable":true,"href":"https:\/\/eldiariodesanpedro.com.ar\/sitio\/wp-json\/wp\/v2\/media\/90761"}],"wp:attachment":[{"href":"https:\/\/eldiariodesanpedro.com.ar\/sitio\/wp-json\/wp\/v2\/media?parent=91483"}],"wp:term":[{"taxonomy":"category","embeddable":true,"href":"https:\/\/eldiariodesanpedro.com.ar\/sitio\/wp-json\/wp\/v2\/categories?post=91483"},{"taxonomy":"post_tag","embeddable":true,"href":"https:\/\/eldiariodesanpedro.com.ar\/sitio\/wp-json\/wp\/v2\/tags?post=91483"}],"curies":[{"name":"wp","href":"https:\/\/api.w.org\/{rel}","templated":true}]}}